{"headers": {"id": "ID", "ano": "Ano", "numero": "N\u00famero", "tipo__sigla": "Tipo de Mat\u00e9ria Legislativa/Sigla", "tipo__descricao": "Tipo de Mat\u00e9ria Legislativa/Descri\u00e7\u00e3o", "autoria": "Autorias", "texto_original": "Texto Original", "ementa": "Ementa"}, "results": [{"id": "262", "ano": "2023", "numero": "1", "tipo__sigla": "PLL", "tipo__descricao": "Projeto de Lei Legislativo", "autoria": "Vanderval Mariano", "texto_original": "http://sapl.congonhal.mg.leg.br/media/sapl/public/materialegislativa/2023/262/projeto_legislativo_01_-_dispoe_sobre_a_publicidade_de_informacoes_relacionadas_as_emendas_parlamentares_que_destinam_recursos_ao_municipio_de_congonhal.pdf", "ementa": "Disp\u00f5e sobre a publicidade de informa\u00e7\u00f5es relacionadas \u00e0s emendas parlamentares que destinam recursos ao munic\u00edpio de Congonhal/MG."}, {"id": "263", "ano": "2023", "numero": "2", "tipo__sigla": "PLL", "tipo__descricao": "Projeto de Lei Legislativo", "autoria": "C\u00e9sar da Nazar\u00e9", "texto_original": "http://sapl.congonhal.mg.leg.br/media/sapl/public/materialegislativa/2023/263/projeto_legislativo_02_-_institui_o_dia_municipal_do_empreendedorismo_feminino_e_da_outras_providencias..pdf", "ementa": "Institui o Dia Municipal do Empreendedorismo Feminino e d\u00e1 outras provid\u00eancias."}, {"id": "264", "ano": "2023", "numero": "3", "tipo__sigla": "PLL", "tipo__descricao": "Projeto de Lei Legislativo", "autoria": "C\u00e9sar da Nazar\u00e9", "texto_original": "http://sapl.congonhal.mg.leg.br/media/sapl/public/materialegislativa/2023/264/projeto_legislativo_03_-_institui_o_programa_de_prevencao_a_gravidez_precoce_no_ambito_do_municipio_de_congonhal_e_da_outras_providencias..pdf", "ementa": "Institui o Programa de Preven\u00e7\u00e3o \u00e0 gravidez precoce no \u00e2mbito do munic\u00edpio de Congonhal e d\u00e1 outras provid\u00eancias."}, {"id": "265", "ano": "2023", "numero": "4", "tipo__sigla": "PLL", "tipo__descricao": "Projeto de Lei Legislativo", "autoria": "C\u00e9sar da Nazar\u00e9", "texto_original": "http://sapl.congonhal.mg.leg.br/media/sapl/public/materialegislativa/2023/265/projeto_legislativo_04_-_institui_a_semana_de_conscientizacao_sobre_o_autismo_e_da_outras_providencias..pdf", "ementa": "Institui a semana municipal de conscientiza\u00e7\u00e3o sobre o Autismo e d\u00e1 outras provid\u00eancias."}, {"id": "266", "ano": "2023", "numero": "5", "tipo__sigla": "PLL", "tipo__descricao": "Projeto de Lei Legislativo", "autoria": "Democratas", "texto_original": "http://sapl.congonhal.mg.leg.br/media/sapl/public/materialegislativa/2023/266/projeto_legislativo_05_-_concede_a_revisao_geral_anual_dos_subsidios_dos_agentes_politicos_do_municipio_de_congonhal_e_da_outras_providencias.pdf", "ementa": "Concede a revis\u00e3o geral anual dos subs\u00eddios dos agentes pol\u00edticos do munic\u00edpio de Congonhal e d\u00e1 outras provid\u00eancias."}, {"id": "267", "ano": "2023", "numero": "6", "tipo__sigla": "PLL", "tipo__descricao": "Projeto de Lei Legislativo", "autoria": "Democratas, C\u00e9sar da Nazar\u00e9, Lucas Santinho, Vanderval Mariano", "texto_original": "http://sapl.congonhal.mg.leg.br/media/sapl/public/materialegislativa/2023/267/projeto_legislativo_06_-_concede_a_revisao_geral_anual_da_remuneracao_dos_servidores_publicos_da_camara_municipal_de_congonhal_e_da_outras_providencias..pdf", "ementa": "Concede a revis\u00e3o geral anual da remunera\u00e7\u00e3o dos servidores p\u00fablicos da C\u00e2mara Municipal de Congonhal e d\u00e1 outras provid\u00eancias."}, {"id": "280", "ano": "2023", "numero": "7", "tipo__sigla": "PLL", "tipo__descricao": "Projeto de Lei Legislativo", "autoria": "C\u00e9sar da Nazar\u00e9", "texto_original": "http://sapl.congonhal.mg.leg.br/media/sapl/public/materialegislativa/2023/280/projeto_legislativo_07_-_dispoe_sobre_a_instalacao_de_dispositivos_com_sinais_sonoros_adequados_para_alunos_com_transtorno_do_espectro_autista_-_tea.pdf", "ementa": "Disp\u00f5e sobre a instala\u00e7\u00e3o de dispositivos com sinais sonoros adequados para alunos com Transtorno do Espectro Autista - TEA nas unidades da rede municipal de educa\u00e7\u00e3o de Congonhal/MG e d\u00e1 outras provid\u00eancias."}, {"id": "281", "ano": "2023", "numero": "8", "tipo__sigla": "PLL", "tipo__descricao": "Projeto de Lei Legislativo", "autoria": "Vanderval Mariano", "texto_original": "http://sapl.congonhal.mg.leg.br/media/sapl/public/materialegislativa/2023/281/projeto_legislativo_08_-_dispoe_sobre_denominacao_de_praca_publica_localizada_no_bairro_rural_grota_rica_municipio_de_congonhal..pdf", "ementa": "Disp\u00f5e sobre denomina\u00e7\u00e3o de pra\u00e7a p\u00fablica localizada no Bairro Rural Grota Rica, munic\u00edpio de Congonhal."}, {"id": "282", "ano": "2023", "numero": "9", "tipo__sigla": "PLL", "tipo__descricao": "Projeto de Lei Legislativo", "autoria": "", "texto_original": "http://sapl.congonhal.mg.leg.br/media/sapl/public/materialegislativa/2023/282/projeto_legislativo_09_-_denomina_ponto_de_apoio_de_esf_do_bairro_rural_de_sao_domingos_maria_lucia_sousa_moreira..pdf", "ementa": "Denomina Ponto de Apoio de ESF do Bairro Rural de S\u00e3o Domingos \"Maria L\u00facia Sousa Moreira\"."}, {"id": "305", "ano": "2023", "numero": "10", "tipo__sigla": "PLL", "tipo__descricao": "Projeto de Lei Legislativo", "autoria": "C\u00e9sar da Nazar\u00e9", "texto_original": "http://sapl.congonhal.mg.leg.br/media/sapl/public/materialegislativa/2023/305/projeto_legislativo_10_-_institui_a_semana_municipal_da_juventude_de_congonhal_e_da_outras_providencias..pdf", "ementa": "Institui a semana municipal da juventude de Congonhal/MG e d\u00e1 outras provid\u00eancias."}, {"id": "83", "ano": "2023", "numero": "2", "tipo__sigla": "PLO", "tipo__descricao": "Projeto de Lei Ordin\u00e1ria", "autoria": "Mois\u00e9s Ferreira Vaz", "texto_original": "http://sapl.congonhal.mg.leg.br/media/sapl/public/materialegislativa/2023/83/projeto_de_lei_02_-_autoriza_abertura_de_credito_adicional_suplementar_nas_dotacoes_do_orcamento_de_2023_no_valor_de_r_750.00000_ref_a_recursos_provenientes_do_superavit_financeiro_apurado.pdf", "ementa": "Autoriza abertura de cr\u00e9dito adicional suplementar nas dota\u00e7\u00f5es do or\u00e7amento de 2023, no valor de R$ 750.000,00 ref a recursos provenientes do super\u00e1vit financeiro apurado"}, {"id": "85", "ano": "2023", "numero": "3", "tipo__sigla": "PLO", "tipo__descricao": "Projeto de Lei Ordin\u00e1ria", "autoria": "Mois\u00e9s Ferreira Vaz", "texto_original": "http://sapl.congonhal.mg.leg.br/media/sapl/public/materialegislativa/2023/85/projeto_de_lei_03_-_altera_e_revoga_dispositivos_da_lei_no_1.425_de_02_de_agosto_de_2017_que_autoriza_o_municipio_de_congonhal_a_celebrar_convenio_de_cooperacao.pdf", "ementa": "Altera e revoga dispositivos da Lei n\u00ba 1.425, de 02 de agosto de 2017, que autoriza o munic\u00edpio de Congonhal a celebrar Conv\u00eanio de Coopera\u00e7\u00e3o com o Estado de Minas Gerais"}, {"id": "86", "ano": "2023", "numero": "4", "tipo__sigla": "PLO", "tipo__descricao": "Projeto de Lei Ordin\u00e1ria", "autoria": "Mois\u00e9s Ferreira Vaz", "texto_original": "http://sapl.congonhal.mg.leg.br/media/sapl/public/materialegislativa/2023/86/projeto_de_lei_04_-_altera_dispositivos_na_lei_1.180_de_22_de_maio_de_2006_que_regulamenta_o_horario_de_funcionamento_das_farmacias_e_estabelecimentos_congeneres_no_municipio_de_congonhal_1.pdf", "ementa": "Altera dispositivos na Lei 1.180, de 22 de maio de 2006, que regulamenta o hor\u00e1rio de funcionamento das farm\u00e1cias e estabelecimentos cong\u00eaneres no munic\u00edpio de Congonhal"}, {"id": "87", "ano": "2023", "numero": "5", "tipo__sigla": "PLO", "tipo__descricao": "Projeto de Lei Ordin\u00e1ria", "autoria": "Mois\u00e9s Ferreira Vaz", "texto_original": "http://sapl.congonhal.mg.leg.br/media/sapl/public/materialegislativa/2023/87/projeto_de_lei_05_-_cria_o_fundo_municipal_dos_direitos_da_pessoa_idosa_do_municipio_de_congonhal..pdf", "ementa": "Cria o Fundo Municipal dos Direitos da Pessoa Idosa do Munic\u00edpio de Congonhal."}, {"id": "88", "ano": "2023", "numero": "6", "tipo__sigla": "PLO", "tipo__descricao": "Projeto de Lei Ordin\u00e1ria", "autoria": "Mois\u00e9s Ferreira Vaz", "texto_original": "http://sapl.congonhal.mg.leg.br/media/sapl/public/materialegislativa/2023/88/projeto_de_lei_06_-_altera_lei_no_1.322_de_27_de_novembro_de_2012..pdf", "ementa": "Altera Lei n\u00ba 1.322, de 27 de novembro de 2012."}, {"id": "89", "ano": "2023", "numero": "7", "tipo__sigla": "PLO", "tipo__descricao": "Projeto de Lei Ordin\u00e1ria", "autoria": "Mois\u00e9s Ferreira Vaz", "texto_original": "http://sapl.congonhal.mg.leg.br/media/sapl/public/materialegislativa/2023/89/projeto_de_lei_07_-_autoriza_a_abertura_de_credito_adicional_especial_referente_ao_recurso_proveniente_do_superavit_financeiro_apurado_no_exercicio_anterior_nas_dotacoes_do_orcamento_de_2023.pdf", "ementa": "Autoriza a abertura de cr\u00e9dito adicional especial referente ao recurso proveniente do super\u00e1vit financeiro apurado no exerc\u00edcio anterior nas dota\u00e7\u00f5es do or\u00e7amento de 2023,"}, {"id": "90", "ano": "2023", "numero": "8", "tipo__sigla": "PLO", "tipo__descricao": "Projeto de Lei Ordin\u00e1ria", "autoria": "Mois\u00e9s Ferreira Vaz", "texto_original": "http://sapl.congonhal.mg.leg.br/media/sapl/public/materialegislativa/2023/90/projeto_de_lei_08_-_institui_o_banco_de_racao_e_utensilios_para_animais_do_municipio_de_congonhal_e_da_outras_providencias..pdf", "ementa": "Institui o Banco de Ra\u00e7\u00e3o e utens\u00edlios para animais do munic\u00edpio de Congonhal e d\u00e1 outras provid\u00eancias."}, {"id": "91", "ano": "2023", "numero": "9", "tipo__sigla": "PLO", "tipo__descricao": "Projeto de Lei Ordin\u00e1ria", "autoria": "Mois\u00e9s Ferreira Vaz", "texto_original": "http://sapl.congonhal.mg.leg.br/media/sapl/public/materialegislativa/2023/91/projeto_de_lei_09_-_dispoe_sobre_a_politica_municipal_de_atendimento_aos_direitos_da_crianca_e_do_adolescente_e_da_outras_providencias..pdf", "ementa": "Disp\u00f5e sobre a Pol\u00edtica Municipal de Atendimento aos Direitos da Crian\u00e7a e do Adolescente e d\u00e1 outras provid\u00eancias."}, {"id": "84", "ano": "2023", "numero": "10", "tipo__sigla": "PLO", "tipo__descricao": "Projeto de Lei Ordin\u00e1ria", "autoria": "Mois\u00e9s Ferreira Vaz", "texto_original": "http://sapl.congonhal.mg.leg.br/media/sapl/public/materialegislativa/2023/84/projeto_de_lei_10_-_altera_e_revoga_dispositivos_da_lei_no_1.425_de_02_de_agosto_de_2017_que_autoriza_o_municipio_de_congonhal_a_celebrar_convenio_de_cooperacao_com_o_estado_de_minas_gerais_atr.pdf", "ementa": "Altera e revoga dispositivos da Lei n\u00ba 1.425, de 02 de agosto de 2017, que autoriza o munic\u00edpio de Congonhal a celebrar Conv\u00eanio de Coopera\u00e7\u00e3o com o Estado de Minas Gerais"}, {"id": "93", "ano": "2023", "numero": "11", "tipo__sigla": "PLO", "tipo__descricao": "Projeto de Lei Ordin\u00e1ria", "autoria": "", "texto_original": "http://sapl.congonhal.mg.leg.br/media/sapl/public/materialegislativa/2023/93/projeto_de_lei_11_-_estabelece_as_diretrizes_gerais_para_a_elaboracao_do_orcamento_do_municipio_de_congonhal_para_o_exercicio_de_2024_e_da_outras_providencias..pdf", "ementa": "Estabelece as diretrizes gerais para a elabora\u00e7\u00e3o do or\u00e7amento do munic\u00edpio de Congonhal para o exerc\u00edcio de 2024 e d\u00e1 outras provid\u00eancias."}, {"id": "94", "ano": "2023", "numero": "12", "tipo__sigla": "PLO", "tipo__descricao": "Projeto de Lei Ordin\u00e1ria", "autoria": "", "texto_original": "http://sapl.congonhal.mg.leg.br/media/sapl/public/materialegislativa/2023/94/projeto_de_lei_12_-_autoriza_a_abertura_de_credito_adicional_especial_referente_ao_recurso_proveniente_do_superavit_financeiro_apurado_no_exercicio_anterior_nas_dotacoes_do_orcamento_de_2023.pdf", "ementa": "Autoriza a abertura de cr\u00e9dito adicional especial referente ao recurso proveniente do super\u00e1vit financeiro apurado no exerc\u00edcio anterior nas dota\u00e7\u00f5es do or\u00e7amento de 2023, no munic\u00edpio de Congonhal."}, {"id": "95", "ano": "2023", "numero": "13", "tipo__sigla": "PLO", "tipo__descricao": "Projeto de Lei Ordin\u00e1ria", "autoria": "", "texto_original": "http://sapl.congonhal.mg.leg.br/media/sapl/public/materialegislativa/2023/95/projeto_de_lei_13_-_autoriza_a_abertura_de_credito_adicional_especial_referente_ao_recurso_proveniente_de_anulacao_parcial_de_dotacoes_bem_como_inclui_no_plano_plurianu.pdf", "ementa": "Autoriza a abertura de cr\u00e9dito adicional especial referente ao recurso proveniente de anula\u00e7\u00e3o parcial de dota\u00e7\u00f5es bem como inclui no Plano Plurianual de 2022 a 2025 e Lei de Diretrizes Or\u00e7ament\u00e1rias de 2023 do Munic\u00edpio de Congonhal"}, {"id": "96", "ano": "2023", "numero": "14", "tipo__sigla": "PLO", "tipo__descricao": "Projeto de Lei Ordin\u00e1ria", "autoria": "", "texto_original": "http://sapl.congonhal.mg.leg.br/media/sapl/public/materialegislativa/2023/96/projeto_de_lei_14_-_autoriza_abertura_de_credito_adicional_especial_ref._ao_recurso_proveniente.pdf", "ementa": "Autoriza abertura de cr\u00e9dito adicional especial ref. ao recurso proveniente do super\u00e1vit financeiro apurado no exerc\u00edcio anterior nas dota\u00e7\u00f5es do or\u00e7amento de 2023, bem como inclui no Plano Plurianual 2022 a 2025 e Lei de Diretrizes Or\u00e7ament\u00e1rias de 2022 do munic\u00edpio de Congonhal."}, {"id": "97", "ano": "2023", "numero": "15", "tipo__sigla": "PLO", "tipo__descricao": "Projeto de Lei Ordin\u00e1ria", "autoria": "", "texto_original": "http://sapl.congonhal.mg.leg.br/media/sapl/public/materialegislativa/2023/97/projeto_de_lei_15_-_regulamenta_o_sistema_viario_municipal__a_faixa_de_dominio_e_das_pistas_das_estradas_rurais_municipais_e_da_outras_providencias.pdf", "ementa": "Regulamenta o sistema vi\u00e1rio municipal , a faixa de dom\u00ednio e das pistas das estradas rurais municipais e d\u00e1 outras provid\u00eancias"}, {"id": "98", "ano": "2023", "numero": "16", "tipo__sigla": "PLO", "tipo__descricao": "Projeto de Lei Ordin\u00e1ria", "autoria": "", "texto_original": "http://sapl.congonhal.mg.leg.br/media/sapl/public/materialegislativa/2023/98/projeto_de_lei_16_-_autoriza_abertura_de_credito_adicional_especial_ref_ao_recurso_proveniente_do_superavit_financeiro_apurado_no_exercicio_anterior_nas_dotacoes_do_orcamento_de_2023_do_municipio.pdf", "ementa": "Autoria a abertura de Cr\u00e9dito Adicional Especial referente ao recurso proveniente do super\u00e1vit financeiro apurado no exerc\u00edcio anterior, nas dota\u00e7\u00f5es do or\u00e7amento de 2023 do munic\u00edpio de Congonhal."}, {"id": "99", "ano": "2023", "numero": "17", "tipo__sigla": "PLO", "tipo__descricao": "Projeto de Lei Ordin\u00e1ria", "autoria": "", "texto_original": "http://sapl.congonhal.mg.leg.br/media/sapl/public/materialegislativa/2023/99/projeto_de_lei_17_-_dispoe_sobre_autorizacao_ao_poder_executivo_municipal_para_firmar_termo_de_parceria_destinado_a.pdf", "ementa": "Disp\u00f5e sobre autoriza\u00e7\u00e3o ao Poder Executivo Municipal para firmar Termo de Parceria destinado \u00e0 transfer\u00eancia de recursos \u00e0 Associa\u00e7\u00e3o Protetora dos Animais Desamparados C\u00e3ogonhal, no exerc\u00edcio de 2023 e d\u00e1 outras provid\u00eancias."}, {"id": "100", "ano": "2023", "numero": "18", "tipo__sigla": "PLO", "tipo__descricao": "Projeto de Lei Ordin\u00e1ria", "autoria": "", "texto_original": "http://sapl.congonhal.mg.leg.br/media/sapl/public/materialegislativa/2023/100/projeto_de_lei_18_-_autoriza_a_abertura_de_credito_adicional_suplementar_ref._ao_recurso_proveniente_do_superavit.pdf", "ementa": "Autoriza a abertura de cr\u00e9dito adicional suplementar referente ao recurso  proveniente do super\u00e1vit financeiro apurado no exerc\u00edcio anterior nas dota\u00e7\u00f5es do or\u00e7amento de 2023, no munic\u00edpio de Congonhal."}, {"id": "101", "ano": "2023", "numero": "19", "tipo__sigla": "PLO", "tipo__descricao": "Projeto de Lei Ordin\u00e1ria", "autoria": "", "texto_original": "http://sapl.congonhal.mg.leg.br/media/sapl/public/materialegislativa/2023/101/projeto_de_lei_19_-_altera_o_plano_plurianual_2022_a_2025_a_lei_de_diretrizes_orcamentarias_para_2023.pdf", "ementa": "Altera o Plano Plurianual (2022 a 2025) a Lei de Diretrizes Or\u00e7ament\u00e1rias para 2023, autoriza a Abertura de Cr\u00e9dito Adicional Especial no or\u00e7amento corrente e d\u00e1 outras provid\u00eancias."}, {"id": "102", "ano": "2023", "numero": "20", "tipo__sigla": "PLO", "tipo__descricao": "Projeto de Lei Ordin\u00e1ria", "autoria": "", "texto_original": "http://sapl.congonhal.mg.leg.br/media/sapl/public/materialegislativa/2023/102/projeto_de_lei_20_-_autoriza_a_abertura_de_credito_adicional_suplementar_ref._ao_recurso_proveniente_do_superavit.pdf", "ementa": "Autoriza a abertura de cr\u00e9dito adicional suplementar referente ao recurso proveniente do super\u00e1vit financeiro apurado no exerc\u00edcio anterior nas dota\u00e7\u00f5es do or\u00e7amento de 2023, no munic\u00edpio de Congonhal."}, {"id": "104", "ano": "2023", "numero": "21", "tipo__sigla": "PLO", "tipo__descricao": "Projeto de Lei Ordin\u00e1ria", "autoria": "", "texto_original": "http://sapl.congonhal.mg.leg.br/media/sapl/public/materialegislativa/2023/104/projeto_de_lei_21_-_institui_o_programa_de_adocao_de_pracas_publicas_parques_jardins_areas_verdes_e_espacos_municipais_de_esportes_e_da_outras_providencias..pdf", "ementa": "Institui o Programa de Ado\u00e7\u00e3o de Pra\u00e7as P\u00fablicas, Parques, Jardins, \u00c1reas Verdes e Espa\u00e7os municipais de Esportes, e da outras provid\u00eancias."}, {"id": "254", "ano": "2023", "numero": "22", "tipo__sigla": "PLO", "tipo__descricao": "Projeto de Lei Ordin\u00e1ria", "autoria": "", "texto_original": "http://sapl.congonhal.mg.leg.br/media/sapl/public/materialegislativa/2023/254/projeto_de_lei_22_-_autoriza_abertura_de_credito_adicional_suplementar_por_anulacao_de_recurso_para_suplementacao_nas_despesas_com_pessoal_pasep_e_obrigacoes_patronais_do_municipio_de_congonhal..pdf", "ementa": "Autoriza abertura de cr\u00e9dito adicional suplementar por anula\u00e7\u00e3o de recurso para suplementa\u00e7\u00e3o nas despesas com pessoal, PASEP e obriga\u00e7\u00f5es patronais do Munic\u00edpio de Congonhal."}, {"id": "261", "ano": "2023", "numero": "23", "tipo__sigla": "PLO", "tipo__descricao": "Projeto de Lei Ordin\u00e1ria", "autoria": "", "texto_original": "http://sapl.congonhal.mg.leg.br/media/sapl/public/materialegislativa/2023/261/projeto_de_lei_23_-_autoriza_a_abertura_de_credito_adicional_especial_ref_ao_recurso_proveniente_de_anulacao_parcial.pdf", "ementa": "Autoriza a abertura de cr\u00e9dito adicional especial referente ao recurso proveniente de anula\u00e7\u00e3o parcial de dota\u00e7\u00f5es, bem como inclui no Plano Plurianual 2022 a 2025 e Lei de Diretrizes Or\u00e7ament\u00e1rias de 2023 do munic\u00edpio de Congonhal."}, {"id": "283", "ano": "2023", "numero": "24", "tipo__sigla": "PLO", "tipo__descricao": "Projeto de Lei Ordin\u00e1ria", "autoria": "", "texto_original": "http://sapl.congonhal.mg.leg.br/media/sapl/public/materialegislativa/2023/283/projeto_de_lei_24_-_autoriza_abertura_de_credito_adicional_suplementar_referente_anulacao_parcial_ou_total_nas_dotacoes_do_orcamento_de_2023_no_municipio_de_congonhal.pdf", "ementa": "Autoriza abertura de cr\u00e9dito adicional suplementar referente anula\u00e7\u00e3o parcial ou total nas dota\u00e7\u00f5es do or\u00e7amento de 2023, no munic\u00edpio de Congonhal"}, {"id": "284", "ano": "2023", "numero": "25", "tipo__sigla": "PLO", "tipo__descricao": "Projeto de Lei Ordin\u00e1ria", "autoria": "", "texto_original": "http://sapl.congonhal.mg.leg.br/media/sapl/public/materialegislativa/2023/284/projeto_de_lei_25_-_autoriza_abertura_de_credito_adicional_suplementar_referente_ao_recurso_proveniente_do_superavit_financeiro_apurado_no_exercicio_anterior_nas_dotacoes_do_orcamento_de_2023..pdf", "ementa": "Autoriza abertura de cr\u00e9dito adicional suplementar referente ao recurso proveniente do superavit financeiro apurado no exerc\u00edcio anterior nas dota\u00e7\u00f5es do or\u00e7amento de 2023."}, {"id": "285", "ano": "2023", "numero": "26", "tipo__sigla": "PLO", "tipo__descricao": "Projeto de Lei Ordin\u00e1ria", "autoria": "", "texto_original": "http://sapl.congonhal.mg.leg.br/media/sapl/public/materialegislativa/2023/285/projeto_de_lei_26_-_autoriza_abertura_de_credito_adicional_suplementar_ref._anulacao_parcial_ou_total_de_dotacoes_e_superavit.pdf", "ementa": "Autoriza abertura de cr\u00e9dito adicional suplementar ref. anula\u00e7\u00e3o parcial ou total de dota\u00e7\u00f5es e super\u00e1vit financeiro nas dota\u00e7\u00f5es de folha de pagamento, obriga\u00e7\u00f5es patronais e auxilio alimenta\u00e7\u00e3o do or\u00e7amento de 2023, no munic\u00edpio de Congonhal."}, {"id": "286", "ano": "2023", "numero": "27", "tipo__sigla": "PLO", "tipo__descricao": "Projeto de Lei Ordin\u00e1ria", "autoria": "", "texto_original": "http://sapl.congonhal.mg.leg.br/media/sapl/public/materialegislativa/2023/286/projeto_de_lei_27_-_autoriza_abertura_de_credito_adicional_suplementar_nas_dotacoes_do_orcamento_de_2023_no_valor_de_r_600.00000.pdf", "ementa": "Autoriza a abertura de cr\u00e9dito adicional suplementar nas dota\u00e7\u00f5es do or\u00e7amento de 2023, no valor de R$ 600.000,00 referente a recursos provenientes do super\u00e1vit financeiro apurado no exerc\u00edcio anterior e d\u00e1 outras provid\u00eancias."}, {"id": "287", "ano": "2023", "numero": "28", "tipo__sigla": "PLO", "tipo__descricao": "Projeto de Lei Ordin\u00e1ria", "autoria": "", "texto_original": "http://sapl.congonhal.mg.leg.br/media/sapl/public/materialegislativa/2023/287/projeto_de_lei_28_-_autoriza_abertura_de_credito_adicional_suplementar_ref_a_anulacao_parcial_ou_total_nas_dotacoes_do_orcamento_de_2023_no_municipio_de_congonhal..pdf", "ementa": "Autoriza abertura de cr\u00e9dito adicional suplementar ref a anula\u00e7\u00e3o parcial ou total nas dota\u00e7\u00f5es do or\u00e7amento de 2023, no munic\u00edpio de Congonhal."}, {"id": "288", "ano": "2023", "numero": "29", "tipo__sigla": "PLO", "tipo__descricao": "Projeto de Lei Ordin\u00e1ria", "autoria": "", "texto_original": "http://sapl.congonhal.mg.leg.br/media/sapl/public/materialegislativa/2023/288/projeto_de_lei_29_-_autoriza_o_poder_executivo_municipal_a_firmar_convenio_com_a_comunidade_do_bom_pastor_para_os_fins_que_menciona_e_da_outras_providencias..pdf", "ementa": "Autoriza o Poder Executivo Municipal a firmar conv\u00eanio com a Comunidade do Bom Pastor, para os fins que menciona, e d\u00e1 outras provid\u00eancias."}, {"id": "289", "ano": "2023", "numero": "30", "tipo__sigla": "PLO", "tipo__descricao": "Projeto de Lei Ordin\u00e1ria", "autoria": "", "texto_original": "http://sapl.congonhal.mg.leg.br/media/sapl/public/materialegislativa/2023/289/projeto_de_lei_30_-_autoriza_abertura_de_credito_adicional_suplementar_referente_ao_recurso_proveniente_de_tendencia_a_excesso_de_arrecadacao.pdf", "ementa": "Autoriza abertura de cr\u00e9dito adicional suplementar referente ao recurso proveniente de tend\u00eancia a excesso de arrecada\u00e7\u00e3o, nas dota\u00e7\u00f5es do or\u00e7amento de 2023, no munic\u00edpio de Congonhal."}, {"id": "290", "ano": "2023", "numero": "31", "tipo__sigla": "PLO", "tipo__descricao": "Projeto de Lei Ordin\u00e1ria", "autoria": "", "texto_original": "http://sapl.congonhal.mg.leg.br/media/sapl/public/materialegislativa/2023/290/projeto_de_lei_31_-_autoriza_o_poder_executivo_a_repassar_assistencia_financeira_complementar_da_uniao_destinada_ao_cumprimento_do_piso_salarial_nacional_dos_profissionais_enfermeiros_enfermeiros.pdf", "ementa": "Autoriza o Poder Executivo a repassar assist\u00eancia financeira complementar da Uni\u00e3o destinada ao cumprimento do piso salarial nacional dos profissionais enfermeiros, enfermeiros"}, {"id": "291", "ano": "2023", "numero": "32", "tipo__sigla": "PLO", "tipo__descricao": "Projeto de Lei Ordin\u00e1ria", "autoria": "", "texto_original": "http://sapl.congonhal.mg.leg.br/media/sapl/public/materialegislativa/2023/291/projeto_de_lei_32_-_estima_a_receita_e_fixa_a_despesa_do_municipio_de_congonhal_para_o_exercicio_de_2024..pdf", "ementa": "Estima a receita e fixa a despesa do munic\u00edpio de Congonhal para o exerc\u00edcio de 2024."}, {"id": "292", "ano": "2023", "numero": "33", "tipo__sigla": "PLO", "tipo__descricao": "Projeto de Lei Ordin\u00e1ria", "autoria": "", "texto_original": "http://sapl.congonhal.mg.leg.br/media/sapl/public/materialegislativa/2023/292/projeto_de_lei_33_-_dispoe_sobre_demarcacao_e_ampliacao_do_perimetro_urbano_nos_termos_do_art._42-b_da_lei_federal_10.257-2001.pdf", "ementa": "Disp\u00f5e sobre demarca\u00e7\u00e3o e amplia\u00e7\u00e3o do per\u00edmetro urbano nos termos do Art. 42-B da Lei Federal 10.257-2001 - Estatuto das Cidades, e altera a Lei Municipal 1.054/2000 nos termos da Lei Federal 14.285/2021"}, {"id": "293", "ano": "2023", "numero": "34", "tipo__sigla": "PLO", "tipo__descricao": "Projeto de Lei Ordin\u00e1ria", "autoria": "", "texto_original": "http://sapl.congonhal.mg.leg.br/media/sapl/public/materialegislativa/2023/293/projeto_de_lei_34_-_disciplina_a_participacao_do_municipio_de_congonhal_em_consorcio_publico_dispensa_a_ratificacao_do_protocolo_de_intencoes_e_da_outras_providencias.pdf", "ementa": "Disciplina a participa\u00e7\u00e3o do munic\u00edpio de Congonhal em Cons\u00f3rcio P\u00fablico, dispensa a ratifica\u00e7\u00e3o do Protocolo de Inten\u00e7\u00f5es e d\u00e1 outras provid\u00eancias"}, {"id": "294", "ano": "2023", "numero": "35", "tipo__sigla": "PLO", "tipo__descricao": "Projeto de Lei Ordin\u00e1ria", "autoria": "", "texto_original": "http://sapl.congonhal.mg.leg.br/media/sapl/public/materialegislativa/2023/294/projeto_de_lei_35_-_institui_o_programa_congonhal_em_progresso_que_dispoe_de_incentivos_fiscais_e_estimulos_economicos_no_municipio_e_da_outras_providencias..pdf", "ementa": "Institui o Programa Congonhal em Progresso que disp\u00f5e de incentivos fiscais e est\u00edmulos econ\u00f4micos no munic\u00edpio e d\u00e1 outras provid\u00eancias."}, {"id": "295", "ano": "2023", "numero": "36", "tipo__sigla": "PLO", "tipo__descricao": "Projeto de Lei Ordin\u00e1ria", "autoria": "", "texto_original": "http://sapl.congonhal.mg.leg.br/media/sapl/public/materialegislativa/2023/295/projeto_de_lei_36_-_cria_o_conselho_municipal_de_desenvolvimento_economico_e_social_de_congonhal-_comdesc_e_institui_o_fundo_municipal_de_desenvolvimento_economico_fmde.pdf", "ementa": "Cria o Conselho Municipal de Desenvolvimento Econ\u00f4mico e Social de Congonhal- COMDESC e Institui o Fundo Municipal de desenvolvimento Econ\u00f4mico FMDE"}, {"id": "296", "ano": "2023", "numero": "37", "tipo__sigla": "PLO", "tipo__descricao": "Projeto de Lei Ordin\u00e1ria", "autoria": "", "texto_original": "http://sapl.congonhal.mg.leg.br/media/sapl/public/materialegislativa/2023/296/projeto_de_lei_37_-_institui_no_municipio_de_congonhal_o_programa_prata_da_casa_que_autoriza_o_municipio.pdf", "ementa": "Institui no munic\u00edpio de Congonhal o Programa Prata da Casa, que autoriza o municipio a repassar incentivo financeiro aos m\u00fasicos, bandas, grupos culturais, todos locais, para a apresenta\u00e7\u00e3o em eventos promovidos pelo munic\u00edpio."}, {"id": "297", "ano": "2023", "numero": "38", "tipo__sigla": "PLO", "tipo__descricao": "Projeto de Lei Ordin\u00e1ria", "autoria": "", "texto_original": "http://sapl.congonhal.mg.leg.br/media/sapl/public/materialegislativa/2023/297/projeto_de_lei_38_-_autoriza_o_poder_executivo_adquirir_brindes_para_distribuicao_no_desfile_de_carreiro_e_desfile_de_cavaleiros_e_amazonas_no_municipio_de_congonhal..pdf", "ementa": "Autoriza o Poder Executivo adquirir brindes para distribui\u00e7\u00e3o no Desfile de Carreiro e Desfile de Cavaleiros e Amazonas no munic\u00edpio de Congonhal."}, {"id": "298", "ano": "2023", "numero": "39", "tipo__sigla": "PLO", "tipo__descricao": "Projeto de Lei Ordin\u00e1ria", "autoria": "", "texto_original": "http://sapl.congonhal.mg.leg.br/media/sapl/public/materialegislativa/2023/298/projeto_de_lei_39_-_autoriza_abertura_de_credito_adicional_suplementar_ref_ao_recurso_proveniente_de_tendencia_a_excesso_de_arrecadacao_nas_dotacoes.pdf", "ementa": "Autoriza abertura de cr\u00e9dito adicional suplementar ref ao recurso proveniente de tend\u00eancia a excesso de arrecada\u00e7\u00e3o, nas dota\u00e7\u00f5es do or\u00e7amento de 2023, no munic\u00edpio de Congonhal"}, {"id": "299", "ano": "2023", "numero": "40", "tipo__sigla": "PLO", "tipo__descricao": "Projeto de Lei Ordin\u00e1ria", "autoria": "", "texto_original": "http://sapl.congonhal.mg.leg.br/media/sapl/public/materialegislativa/2023/299/projeto_de_lei_40_-_cria_o_fundo_municipal_de_saneamento_basico_e_da_outras_providencias.pdf", "ementa": "Cria o Fundo Municipal de Saneamento B\u00e1sico e d\u00e1 outras provid\u00eancias"}, {"id": "300", "ano": "2023", "numero": "41", "tipo__sigla": "PLO", "tipo__descricao": "Projeto de Lei Ordin\u00e1ria", "autoria": "", "texto_original": "http://sapl.congonhal.mg.leg.br/media/sapl/public/materialegislativa/2023/300/projeto_de_lei_41_-_altera_a_lei_ordinaria_1.505_de_2021_que_dispoe_sobre_o_conselho_municipal_de_defesa_e_conservacao_do_meio_ambiente_e_da_outras_providencias..pdf", "ementa": "Altera a Lei Ordin\u00e1ria 1.505 de 2021, que disp\u00f5e sobre o Conselho Municipal de Defesa e Conserva\u00e7\u00e3o do Meio Ambiente e d\u00e1 outras provid\u00eancias."}, {"id": "301", "ano": "2023", "numero": "42", "tipo__sigla": "PLO", "tipo__descricao": "Projeto de Lei Ordin\u00e1ria", "autoria": "", "texto_original": "http://sapl.congonhal.mg.leg.br/media/sapl/public/materialegislativa/2023/301/projeto_de_lei_42_-_institui_no_ambito_do_municipio_de_congonhal_o_plano_municipal_de_saneamento_basico_e_da_outras_providencias..pdf", "ementa": "Institui no \u00e2mbito do Munic\u00edpio de Congonhal, o Plano Municipal de Saneamento B\u00e1sico e d\u00e1 outras provid\u00eancias."}, {"id": "302", "ano": "2023", "numero": "43", "tipo__sigla": "PLO", "tipo__descricao": "Projeto de Lei Ordin\u00e1ria", "autoria": "", "texto_original": "http://sapl.congonhal.mg.leg.br/media/sapl/public/materialegislativa/2023/302/projeto_de_lei_43_-_autoriza_abertura_de_credito_adicional_suplementar_ref_a_anulacao_parcial_ou_total_nas_dotacoes_do_orcamento_de_2023_no_municipio_de_congonhal..pdf", "ementa": "Autoriza abertura de cr\u00e9dito adicional suplementar ref a anula\u00e7\u00e3o parcial ou total nas dota\u00e7\u00f5es do or\u00e7amento de 2023, no munic\u00edpio de Congonhal."}, {"id": "303", "ano": "2023", "numero": "44", "tipo__sigla": "PLO", "tipo__descricao": "Projeto de Lei Ordin\u00e1ria", "autoria": "", "texto_original": "http://sapl.congonhal.mg.leg.br/media/sapl/public/materialegislativa/2023/303/projeto_de_lei_44_-_autoriza_a_cessao_de_servidor_publico_efetivo_com_onus_ao_poder_legislativo_municipal_e_da_outras_providencias..pdf", "ementa": "Autoriza a cess\u00e3o de servidor p\u00fablico efetivo com \u00f4nus ao Poder Legislativo Municipal e d\u00e1 outras provid\u00eancias."}, {"id": "304", "ano": "2023", "numero": "45", "tipo__sigla": "PLO", "tipo__descricao": "Projeto de Lei Ordin\u00e1ria", "autoria": "", "texto_original": "http://sapl.congonhal.mg.leg.br/media/sapl/public/materialegislativa/2023/304/projeto_de_lei_45_-_dispoe_sobre_o_sistema_municipal_de_cultura_do_municipio_de_congonhal_e_da_outras_providencias..pdf", "ementa": "Disp\u00f5e sobre o Sistema Municipal de Cultura do Munic\u00edpio de Congonhal-MG e d\u00e1 outras provid\u00eancias."}, {"id": "324", "ano": "2023", "numero": "46", "tipo__sigla": "PLO", "tipo__descricao": "Projeto de Lei Ordin\u00e1ria", "autoria": "", "texto_original": "http://sapl.congonhal.mg.leg.br/media/sapl/public/materialegislativa/2023/324/projeto_de_lei_46_-_autoriza_abertura_de_credito_adicional_suplementar_referente_ao_recurso_proveniente_de_excesso_de_arrecadacao_na_fonte_de_trasnferenci.pdf", "ementa": "Autoriza abertura de cr\u00e9dito adicional suplementar referente ao recurso proveniente de excesso de arrecada\u00e7\u00e3o na fonte de transfer\u00eancia especial do estado nas dota\u00e7\u00f5es do or\u00e7amento de 2023 do munic\u00edpio de Congonhal."}, {"id": "325", "ano": "2023", "numero": "47", "tipo__sigla": "PLO", "tipo__descricao": "Projeto de Lei Ordin\u00e1ria", "autoria": "Mois\u00e9s Ferreira Vaz", "texto_original": "http://sapl.congonhal.mg.leg.br/media/sapl/public/materialegislativa/2023/325/projeto_de_lei_47_-_autoriza_abertura_de_credito_adicional_suplementar_referente_anulacao_parcial_ou_total_nas_dotacoes_do_orcamento_de_2023_no_municipio_de_congonhal..pdf", "ementa": "Autoriza abertura de cr\u00e9dito adicional suplementar, referente anula\u00e7\u00e3o parcial ou total nas dota\u00e7\u00f5es do or\u00e7amento de 2023, no munic\u00edpio de Congonhal."}, {"id": "326", "ano": "2023", "numero": "48", "tipo__sigla": "PLO", "tipo__descricao": "Projeto de Lei Ordin\u00e1ria", "autoria": "Mois\u00e9s Ferreira Vaz", "texto_original": "http://sapl.congonhal.mg.leg.br/media/sapl/public/materialegislativa/2023/326/projeto_de_lei_48_-_autoriza_abertura_de_credito_adicional_suplementar_por_superavit_financeiro_nas.pdf", "ementa": "Autoriza abertura de cr\u00e9dito adicional suplementar por super\u00e1vit financeiro nas dota\u00e7\u00f5es de folha de pagamento e obriga\u00e7\u00f5es patronais do or\u00e7amento de 2023, com recurso financeiro de Transferencias Fundo a Fundo de Recursos do SUS provenientes do Governo Estadual, conforme autorizado na Lei Complementar Estadual 171 de 09/05/2023, no munic\u00edpio de Congonhal."}, {"id": "327", "ano": "2023", "numero": "49", "tipo__sigla": "PLO", "tipo__descricao": "Projeto de Lei Ordin\u00e1ria", "autoria": "Mois\u00e9s Ferreira Vaz", "texto_original": "http://sapl.congonhal.mg.leg.br/media/sapl/public/materialegislativa/2023/327/projeto_de_lei_49_-_autoriza_a_abertura_de_credito_adicional_suplementar_referente_a_anulacao_parcial_ou_total_de_dotacoes_nas_dotacoes_de_folha_de_pagamento_e_obrigacoes_patronais_do_orcamento_de.pdf", "ementa": "Autoriza a abertura de cr\u00e9dito adicional suplementar referente a anula\u00e7\u00e3o parcial ou total de dota\u00e7\u00f5es nas dota\u00e7\u00f5es de folha de pagamento e obriga\u00e7\u00f5es patronais do or\u00e7amento de 2023, no munic\u00edpio de Congonhal"}, {"id": "328", "ano": "2023", "numero": "50", "tipo__sigla": "PLO", "tipo__descricao": "Projeto de Lei Ordin\u00e1ria", "autoria": "Mois\u00e9s Ferreira Vaz", "texto_original": "http://sapl.congonhal.mg.leg.br/media/sapl/public/materialegislativa/2023/328/pr9ef81.pdf", "ementa": "Disp\u00f5e sobre a participa\u00e7\u00e3o do munic\u00edpio de Congonhal no Programa de Produ\u00e7\u00e3o de Unidades Habitacionais de Interesse Social com financiamento direto aos benefici\u00e1rios/donat\u00e1rios ou ao FAR - Fundo de Arrendamento Residencial, representado pela Caixa Economica Federal e de acordo com as regras do PMCMV - Programa Minha Casa Minha Vida ou outro que vier a substitu\u00ed-lo, definidas pelo Governo Federal e d\u00e1 outras provid\u00eancias."}, {"id": "329", "ano": "2023", "numero": "51", "tipo__sigla": "PLO", "tipo__descricao": "Projeto de Lei Ordin\u00e1ria", "autoria": "Mois\u00e9s Ferreira Vaz", "texto_original": "http://sapl.congonhal.mg.leg.br/media/sapl/public/materialegislativa/2023/329/pr16571.pdf", "ementa": "Autoriza a abertura de cr\u00e9dito adicional suplementar ref ao recurso proveniente de tendencia a excesso de arrecada\u00e7\u00e3o, nas dota\u00e7\u00f5es do or\u00e7amento de 2023, no munic\u00edpio de Congonhal"}, {"id": "92", "ano": "2023", "numero": "1", "tipo__sigla": "PLC", "tipo__descricao": "Projeto de Lei Complementar", "autoria": "Mois\u00e9s Ferreira Vaz", "texto_original": "http://sapl.congonhal.mg.leg.br/media/sapl/public/materialegislativa/2023/92/projeto_de_lei_complementar_1_-_autoriza_o_poder_executivo_municipal_a_conceder_o_uso_do_imovel_municipal_com_posterior_doacao_mediante_encargo_e_cumprimento_dos_requisitos_exigidos_nesta_lei_pa.pdf", "ementa": "Autoriza o Poder Executivo Municipal a conceder o uso do im\u00f3vel municipal com posterior doa\u00e7\u00e3o mediante encargo e cumprimento dos requisitos exigidos nesta lei"}, {"id": "103", "ano": "2023", "numero": "2", "tipo__sigla": "PLC", "tipo__descricao": "Projeto de Lei Complementar", "autoria": "", "texto_original": "http://sapl.congonhal.mg.leg.br/media/sapl/public/materialegislativa/2023/103/projeto_de_lei_complementar_02_-_cria_o_fundo_municipal_de_esportes_-_fme_no_municipio_de_congonhal_e_da_outras_providencias..pdf", "ementa": "Cria o Fundo Municipal de Esportes - FME no munic\u00edpio de Congonhal e d\u00e1 outras provid\u00eancias."}, {"id": "268", "ano": "2023", "numero": "3", "tipo__sigla": "PLC", "tipo__descricao": "Projeto de Lei Complementar", "autoria": "", "texto_original": "http://sapl.congonhal.mg.leg.br/media/sapl/public/materialegislativa/2023/268/projeto_de_lei_complementar_03_-_dispoe_sobre_o_reajuste_no_quadro_de_carreira_do_magisterio_municipal_conforme_a_lei_complementar_no_1.2592009.pdf", "ementa": "Disp\u00f5e sobre o reajuste no Quadro de Carreira do Magist\u00e9rio Municipal conforme a Lei Complementar n\u00ba 1.259/2009."}, {"id": "253", "ano": "2023", "numero": "1", "tipo__sigla": "REQ", "tipo__descricao": "Requerimento", "autoria": "Vanderval Mariano", "texto_original": "http://sapl.congonhal.mg.leg.br/media/sapl/public/materialegislativa/2023/253/requerimento_no_01_-_requer_disponibilizacao_a_esta_camara_municipal_dos_resultados_de_todas_as_analises_de_aguas_realizadas_em_nosso_municipio_a_partir_de_janeiro_de_2021.pdf", "ementa": "Disponibiliza\u00e7\u00e3o a esta C\u00e2mara Municipal dos resultados de todas as an\u00e1lises de \u00e1guas realizadas em nosso munic\u00edpio a partir de janeiro de 2021 at\u00e9 a presente data, em pontos de coleta da Copasa, minas urbanas e/ou rurais, como em qualquer outro ponto de consumo analisado."}, {"id": "252", "ano": "2023", "numero": "2", "tipo__sigla": "REQ", "tipo__descricao": "Requerimento", "autoria": "Gustavo Lopes", "texto_original": "http://sapl.congonhal.mg.leg.br/media/", "ementa": "Informa\u00e7\u00f5es sobre a situa\u00e7\u00e3o do cal\u00e7amento do Bairro Santo Onofre."}, {"id": "251", "ano": "2023", "numero": "3", "tipo__sigla": "REQ", "tipo__descricao": "Requerimento", "autoria": "Geremias Enfermeiro", "texto_original": "http://sapl.congonhal.mg.leg.br/media/sapl/public/materialegislativa/2023/251/requerimento_no_03_-_requer_copia_dos_mapas_de_atendimentos_diarios_dos_medicos_que_atendem_na_ubs_prefeito_homero_domingues_simoes_referente_o_mes_de_fevereiro_de_2023..pdf", "ementa": "C\u00f3pia dos mapas de atendimentos di\u00e1rios dos m\u00e9dicos que atendem na UBS Prefeito Homero Domingues Sim\u00f5es, referente o m\u00eas de fevereiro de 2023."}, {"id": "250", "ano": "2023", "numero": "4", "tipo__sigla": "REQ", "tipo__descricao": "Requerimento", "autoria": "Geremias Enfermeiro", "texto_original": "http://sapl.congonhal.mg.leg.br/media/sapl/public/materialegislativa/2023/250/requerimento_no_04_-_requer_copia_dos_mapas_de_atendimentos_diarios_dos_medicos_especialistas_que_atendem_no_centro_de_especialidades_medicas_e_multiprofissionais_cem-_telm.pdf", "ementa": "C\u00f3pia dos mapas de atendimentos di\u00e1rios dos m\u00e9dicos especialistas que atendem no Centro de Especialidades M\u00e9dicas e Multiprofissionais CEM- Telma Ieiri de Oliveira, referente ao m\u00eas de fevereiro de 2023."}, {"id": "249", "ano": "2023", "numero": "5", "tipo__sigla": "REQ", "tipo__descricao": "Requerimento", "autoria": "C\u00e9sar da Nazar\u00e9", "texto_original": "http://sapl.congonhal.mg.leg.br/media/sapl/public/materialegislativa/2023/249/requerimento_no_05_-_requer_do_sr._egonn_hendrigo_carvalho_gerente_da_companhia_de_saneamento_de_minas_gerais_copasa_sistema_congonhal_disponibilizacao_e_execucao_de_pr.pdf", "ementa": "Requer do Sr. Egonn Hendrigo Carvalho, Gerente da Companhia de Saneamento de Minas Gerais, COPASA, sistema Congonhal, disponibiliza\u00e7\u00e3o e execu\u00e7\u00e3o de projeto quanto a obras para conten\u00e7\u00e3o de enchentes na Rua Pulch\u00e9ria Paiva Pinto, pr\u00f3ximo ao Poliesportivo Municipal e Pista de Skate."}, {"id": "248", "ano": "2023", "numero": "6", "tipo__sigla": "REQ", "tipo__descricao": "Requerimento", "autoria": "C\u00e9sar da Nazar\u00e9", "texto_original": "http://sapl.congonhal.mg.leg.br/media/sapl/public/materialegislativa/2023/248/requerimento_no_06_-_requer_parecer_do_departamento_juridico_do_municipio_de_congonhal_referente_a_base_de_calculo_para_pagamento_da_insalubridade_dos_agentes_comunitario.pdf", "ementa": "Requer Parecer do Departamento Jur\u00eddico do Munic\u00edpio de Congonhal, referente a base de c\u00e1lculo para pagamento da insalubridade dos Agentes Comunit\u00e1rio da Sa\u00fade e Agentes de Controle \u00e0s Endemias de nosso munic\u00edpio."}, {"id": "247", "ano": "2023", "numero": "7", "tipo__sigla": "REQ", "tipo__descricao": "Requerimento", "autoria": "C\u00e9sar da Nazar\u00e9", "texto_original": "http://sapl.congonhal.mg.leg.br/media/sapl/public/materialegislativa/2023/247/requerimento_no_07_-_requer_do_poder_executivo_municipal_informacao_sobre_a_existencia_de_emenda_parlamentar_verba_destinada_a_ong_caogonhal..pdf", "ementa": "Informa\u00e7\u00e3o sobre a exist\u00eancia de Emenda Parlamentar Verba, destinada a ONG C\u00e3ogonhal."}, {"id": "246", "ano": "2023", "numero": "9", "tipo__sigla": "REQ", "tipo__descricao": "Requerimento", "autoria": "C\u00e9sar da Nazar\u00e9", "texto_original": "http://sapl.congonhal.mg.leg.br/media/sapl/public/materialegislativa/2023/246/requerimento_no_09_-_requer_do_departamento_responsavel_disponibilizacao_de_informacao_dos_valores_gastos_mensalmente_pela_prefeitura_municipal_de_congonhal_relacionadas.pdf", "ementa": "Disponibiliza\u00e7\u00e3o de informa\u00e7\u00e3o dos valores gastos mensalmente pela Prefeitura Municipal de Congonhal, relacionados a publicidade e propaganda, acompanhados de c\u00f3pias dos respectivos contratos individuais firmados no per\u00edodo compreendido entre janeiro de 2021 at\u00e9 a presente data."}, {"id": "245", "ano": "2023", "numero": "10", "tipo__sigla": "REQ", "tipo__descricao": "Requerimento", "autoria": "Vanderval Mariano", "texto_original": "http://sapl.congonhal.mg.leg.br/media/sapl/public/materialegislativa/2023/245/requerimento_no_10_-_requer_disponibilizacao_a_esta_camara_municipal_pela_emater_das_informacoes_referente_ao_envio_das_sacas_de_semente_de_feijao_fruto_de_emenda_parla.pdf", "ementa": "Disponibiliza\u00e7\u00e3o a esta C\u00e2mara Municipal, pela EMATER, das informa\u00e7\u00f5es referente ao envio das sacas de semente de feij\u00e3o, fruto de emenda parlamentar do ent\u00e3o Deputado Federal Bilac Pinto, com apoio do Deputado Federal Rafael Sim\u00f5es."}, {"id": "244", "ano": "2023", "numero": "11", "tipo__sigla": "REQ", "tipo__descricao": "Requerimento", "autoria": "Geremias Enfermeiro", "texto_original": "http://sapl.congonhal.mg.leg.br/media/sapl/public/materialegislativa/2023/244/requerimento_no_11_-_requer_copia_do_contrato_de_trabalho_do_sr._joanderson_fernandes_de_melo_e_informacoes_das_funcoes_dias_e_mes_que_o_mesmo_atendeu_no_municipio..pdf", "ementa": "Contrato de trabalho do Sr. Joanderson Fernandez de Melo e informa\u00e7\u00f5es das fun\u00e7\u00f5es, dias e m\u00eas que o mesmo atendeu no munic\u00edpio."}, {"id": "243", "ano": "2023", "numero": "12", "tipo__sigla": "REQ", "tipo__descricao": "Requerimento", "autoria": "Geremias Enfermeiro", "texto_original": "http://sapl.congonhal.mg.leg.br/media/sapl/public/materialegislativa/2023/243/requerimento_no_12_-_requer_informacoes_sobre_servico_de_atendimento_de_suporte_medico_horizontal_a_distancia_com_atendimento_24h_-_7_dias_por_semana_prestado_pela_empres.pdf", "ementa": "Informa\u00e7\u00f5es sobre servi\u00e7o de atendimento de suporte m\u00e9dico horizontal a dist\u00e2ncia, com atendimento 24h - 7 dias por semana, prestado pela empresa SHDSS Gest\u00e3o em Sa\u00fade Associa\u00e7\u00e3o Beneficiente."}, {"id": "242", "ano": "2023", "numero": "13", "tipo__sigla": "REQ", "tipo__descricao": "Requerimento", "autoria": "Professora Hellen Coutinho", "texto_original": "http://sapl.congonhal.mg.leg.br/media/sapl/public/materialegislativa/2023/242/requerimento_no_13_-_requeiro_prestacao_de_contas_referente_aos_pagamentos_feitos_com_o_repasse_fundeb.pdf", "ementa": "Presta\u00e7\u00e3o de contas referente aos pagamentos feitos com o repasse FUNDEB."}, {"id": "241", "ano": "2023", "numero": "14", "tipo__sigla": "REQ", "tipo__descricao": "Requerimento", "autoria": "Professora Hellen Coutinho", "texto_original": "http://sapl.congonhal.mg.leg.br/media/sapl/public/materialegislativa/2023/241/requerimento_no_14_-_requer_do_departamento_responsavel_em_nome_da_servidorea_municipal_sra._nilza_de_cassia_morais_auxiliar_de_servicos_escolares.pdf", "ementa": "Embasamento legal aplicado anteriormente a promulga\u00e7\u00e3o da Lei Complementar 1.257/2009, para averigua\u00e7\u00e3o da legisla\u00e7\u00e3o quanto as normas gerais de enquadramento de cargos, fun\u00e7\u00f5es, e suas respectivas progress\u00f5es."}, {"id": "240", "ano": "2023", "numero": "15", "tipo__sigla": "REQ", "tipo__descricao": "Requerimento", "autoria": "Geremias Enfermeiro", "texto_original": "http://sapl.congonhal.mg.leg.br/media/sapl/public/materialegislativa/2023/240/requerimento_no_15_-_requer_copia_completa_dos_processos_licitatorios_nos_054-2021__0135-2021_pregao_no_040-2021_e_0056-2021_processo_no_0137-2021_pregao_0041-2021..pdf", "ementa": "Requer c\u00f3pia completa dos processos licitat\u00f3rios n\u00ba 054/2021, 0135/2021, Preg\u00e3o n\u00ba 040/2021 e n\u00ba 0056/2021, Processo n\u00ba 0137/2021, Preg\u00e3o 0041/2021."}, {"id": "239", "ano": "2023", "numero": "16", "tipo__sigla": "REQ", "tipo__descricao": "Requerimento", "autoria": "Geremias Enfermeiro", "texto_original": "http://sapl.congonhal.mg.leg.br/media/sapl/public/materialegislativa/2023/239/requerimento_no_16_-_requeiro_pagamento_da_insalubridade_dos_agentes_de_endemias_e_agentes_de_saude_sobre_o_salario_base..pdf", "ementa": "Pagamento da insalubridade dos Agentes de Endemias e Agentes de Sa\u00fade sobre o sal\u00e1rio base."}, {"id": "105", "ano": "2023", "numero": "1", "tipo__sigla": "IND", "tipo__descricao": "Indica\u00e7\u00e3o", "autoria": "C\u00e9sar da Nazar\u00e9", "texto_original": "http://sapl.congonhal.mg.leg.br/media/", "ementa": "Indica ao setor respons\u00e1vel que solicite a limpeza da Rua Am\u00e9rico Mariano da Silva"}, {"id": "106", "ano": "2023", "numero": "2", "tipo__sigla": "IND", "tipo__descricao": "Indica\u00e7\u00e3o", "autoria": "C\u00e9sar da Nazar\u00e9", "texto_original": "http://sapl.congonhal.mg.leg.br/media/sapl/public/materialegislativa/2023/106/indicacao_no_002_-_indica_ao_setor_responsavel_que_solicite_a_limpeza_da_rua_celso_bernardes_de_souza.pdf", "ementa": "Indica ao setor respons\u00e1vel que solicite a limpeza da Rua Celso Bernardes de Souza."}, {"id": "107", "ano": "2023", "numero": "3", "tipo__sigla": "IND", "tipo__descricao": "Indica\u00e7\u00e3o", "autoria": "C\u00e9sar da Nazar\u00e9", "texto_original": "http://sapl.congonhal.mg.leg.br/media/sapl/public/materialegislativa/2023/107/indicacao_no_003_-_indica_ao_setor_responsavel_que_solicite_manutencao_do_calcamento_da_rua_bias_fortes_proximo_ao_supermercado_maneco..pdf", "ementa": "Indica ao setor respons\u00e1vel que solicite manuten\u00e7\u00e3o do cal\u00e7amento da Rua Bias Fortes, pr\u00f3ximo ao Supermercado Maneco."}, {"id": "108", "ano": "2023", "numero": "4", "tipo__sigla": "IND", "tipo__descricao": "Indica\u00e7\u00e3o", "autoria": "C\u00e9sar da Nazar\u00e9", "texto_original": "http://sapl.congonhal.mg.leg.br/media/sapl/public/materialegislativa/2023/108/indicacao_no_004_-_indica_ao_setor_responsavel_que_solicite_a_limpeza_da_rua_governador_milton_campos..pdf", "ementa": "Indica ao setor respons\u00e1vel que solicite a limpeza da Rua Governador Milton Campos."}, {"id": "109", "ano": "2023", "numero": "5", "tipo__sigla": "IND", "tipo__descricao": "Indica\u00e7\u00e3o", "autoria": "C\u00e9sar da Nazar\u00e9", "texto_original": "http://sapl.congonhal.mg.leg.br/media/sapl/public/materialegislativa/2023/109/indicacao_no_005_-_indica_ao_setor_responsavel_que_solicite_a_limpeza_da_rua_simao_pedro_de_toledo_bairro_primavera_iii_e_outras_providencias..pdf", "ementa": "Indica ao setor respons\u00e1vel que solicite a limpeza da Rua Sim\u00e3o Pedro de Toledo, Bairro Primavera III, e outras provid\u00eancias."}, {"id": "110", "ano": "2023", "numero": "6", "tipo__sigla": "IND", "tipo__descricao": "Indica\u00e7\u00e3o", "autoria": "C\u00e9sar da Nazar\u00e9", "texto_original": "http://sapl.congonhal.mg.leg.br/media/sapl/public/materialegislativa/2023/110/indicacao_no_006_-_indica_ao_setor_responsavel_que_solicite_a_limpeza_e_manutencao_das_ruas_do_bairro_santa_edwirges_e_outras_providencias..pdf", "ementa": "Indica ao setor respons\u00e1vel que solicite a limpeza e manuten\u00e7\u00e3o das ruas do Bairro Santa Edwirges, e outras provid\u00eancias."}, {"id": "111", "ano": "2023", "numero": "7", "tipo__sigla": "IND", "tipo__descricao": "Indica\u00e7\u00e3o", "autoria": "C\u00e9sar da Nazar\u00e9", "texto_original": "http://sapl.congonhal.mg.leg.br/media/sapl/public/materialegislativa/2023/111/indicacao_no_007_-_indica_ao_setor_responsavel_que_solicite_a_limpeza_da_rua_vice_prefeito_jose_dos_reis..pdf", "ementa": "Indica ao setor respons\u00e1vel que solicite a limpeza da Rua Vice Prefeito Jos\u00e9 dos Reis."}, {"id": "112", "ano": "2023", "numero": "8", "tipo__sigla": "IND", "tipo__descricao": "Indica\u00e7\u00e3o", "autoria": "C\u00e9sar da Nazar\u00e9", "texto_original": "http://sapl.congonhal.mg.leg.br/media/sapl/public/materialegislativa/2023/112/indicacao_no_008_-_indica_ao_setor_responsavel_que_solicite_a_limpeza_da_rua_pedro_inacio_franco_bairro_vila_marlene..pdf", "ementa": "Indica ao setor respons\u00e1vel que solicite a limpeza da Rua Pedro In\u00e1cio Franco, Bairro Vila Marlene."}, {"id": "113", "ano": "2023", "numero": "9", "tipo__sigla": "IND", "tipo__descricao": "Indica\u00e7\u00e3o", "autoria": "C\u00e9sar da Nazar\u00e9", "texto_original": "http://sapl.congonhal.mg.leg.br/media/sapl/public/materialegislativa/2023/113/indicacao_no_009_-_indica_ao_setor_responsavel_que_solicite_a_limpeza_da_rua_antonio_vital_de_morais_bairro_vila_marlene..pdf", "ementa": "Indica ao setor respons\u00e1vel que solicite a limpeza da Rua Ant\u00f4nio Vital de Morais, Bairro Vila Marlene."}, {"id": "114", "ano": "2023", "numero": "10", "tipo__sigla": "IND", "tipo__descricao": "Indica\u00e7\u00e3o", "autoria": "C\u00e9sar da Nazar\u00e9", "texto_original": "http://sapl.congonhal.mg.leg.br/media/sapl/public/materialegislativa/2023/114/indicacao_no_010_-_indica_ao_setor_responsavel_que_solicite_a_limpeza_da_rua_olvao_custodio_de_oliveira_bairro_jardim_planalto..pdf", "ementa": "Indica ao setor respons\u00e1vel que solicite a limpeza da Rua Olavo Cust\u00f3dio de Oliveira, Bairro Jardim Planalto."}, {"id": "115", "ano": "2023", "numero": "11", "tipo__sigla": "IND", "tipo__descricao": "Indica\u00e7\u00e3o", "autoria": "Geremias Enfermeiro", "texto_original": "http://sapl.congonhal.mg.leg.br/media/sapl/public/materialegislativa/2023/115/indicacao_no_011_-_indica_ao_setor_responsavel_que_solicite_a_troca_das_manilhas_de_aguas_pluviais_no_bairro_malheiros_proximo_a_residencia_do_sr._milton_ferreira..pdf", "ementa": "Indica ao setor respons\u00e1vel que solicite a troca das manilhas de \u00e1guas pluviais no Bairro Malheiros, pr\u00f3ximo a resid\u00eancia do Sr. Milton Ferreira."}, {"id": "116", "ano": "2023", "numero": "12", "tipo__sigla": "IND", "tipo__descricao": "Indica\u00e7\u00e3o", "autoria": "C\u00e9sar da Nazar\u00e9", "texto_original": "http://sapl.congonhal.mg.leg.br/media/sapl/public/materialegislativa/2023/116/indicacao_no_012_-_indica_ao_setor_responsavel_que_solicite_limpeza_e_manutencao_do_calcamento_da_rua_jordino_francisco_dos_reis_bairro_bela_vista..pdf", "ementa": "Indica ao setor respons\u00e1vel que solicite limpeza e manuten\u00e7\u00e3o do cal\u00e7amento da Rua Jordino Francisco dos Reis, Bairro Bela Vista."}, {"id": "117", "ano": "2023", "numero": "13", "tipo__sigla": "IND", "tipo__descricao": "Indica\u00e7\u00e3o", "autoria": "C\u00e9sar da Nazar\u00e9", "texto_original": "http://sapl.congonhal.mg.leg.br/media/sapl/public/materialegislativa/2023/117/indicacao_no_013_-_indica_ao_setor_responsavel_que_solicite_a_limpeza_da_rua_jose_ribeiro_coutinho_bairro_primavera_iii..pdf", "ementa": "Indica ao setor respons\u00e1vel que solicite a limpeza da Rua Jos\u00e9 Ribeiro Coutinho, Bairro Primavera III."}, {"id": "118", "ano": "2023", "numero": "14", "tipo__sigla": "IND", "tipo__descricao": "Indica\u00e7\u00e3o", "autoria": "C\u00e9sar da Nazar\u00e9", "texto_original": "http://sapl.congonhal.mg.leg.br/media/sapl/public/materialegislativa/2023/118/indicacao_no_014_-_indica_ao_setor_responsavel_que_solicite_a_limpeza_da_rua_sergipe..pdf", "ementa": "Indica ao setor respons\u00e1vel que solicite a limpeza da Rua Sergipe."}, {"id": "119", "ano": "2023", "numero": "15", "tipo__sigla": "IND", "tipo__descricao": "Indica\u00e7\u00e3o", "autoria": "C\u00e9sar da Nazar\u00e9", "texto_original": "http://sapl.congonhal.mg.leg.br/media/sapl/public/materialegislativa/2023/119/indicacao_no_015_-_indica_ao_setor_responsavel_que_solicite_a_limpeza_da_rua_sao_paulo_bairro_santa_eliza..pdf", "ementa": "Indica ao setor respons\u00e1vel que solicite a limpeza da Rua S\u00e3o Paulo, Bairro Santa Eliza."}, {"id": "120", "ano": "2023", "numero": "16", "tipo__sigla": "IND", "tipo__descricao": "Indica\u00e7\u00e3o", "autoria": "C\u00e9sar da Nazar\u00e9", "texto_original": "http://sapl.congonhal.mg.leg.br/media/sapl/public/materialegislativa/2023/120/indicacao_no_016_-_indica_ao_setor_responsa_vel_que_solicite_a_limpeza_da_rua_americo_mariano_da_silva_bairro_primavera_i..pdf", "ementa": "Indica ao setor respons\u00e1vel que solicite a limpeza da Rua Am\u00e9rico Mariano da Silva, Bairro Primavera I."}, {"id": "121", "ano": "2023", "numero": "17", "tipo__sigla": "IND", "tipo__descricao": "Indica\u00e7\u00e3o", "autoria": "C\u00e9sar da Nazar\u00e9", "texto_original": "http://sapl.congonhal.mg.leg.br/media/sapl/public/materialegislativa/2023/121/indicacao_no_017_-_indica_ao_setor_responsavel_que_solicite_a_limpeza_da_rua_cesario_alvim_travessa_com_a_rua_maria_benedita_de_sousa..pdf", "ementa": "Indica ao setor respons\u00e1vel que solicite a limpeza da Rua Ces\u00e1rio Alvim, travessa com a Rua Maria Benedita de Sousa"}, {"id": "122", "ano": "2023", "numero": "18", "tipo__sigla": "IND", "tipo__descricao": "Indica\u00e7\u00e3o", "autoria": "C\u00e9sar da Nazar\u00e9", "texto_original": "http://sapl.congonhal.mg.leg.br/media/sapl/public/materialegislativa/2023/122/indicacao_no_018_-_indica_ao_setor_responsavel_que_solicite_a_limpeza_da_rua_professora_maria_jose_alvarenga_silva_alves..pdf", "ementa": "Indica ao setor respons\u00e1vel que solicite a limpeza da Rua Professora Maria Jos\u00e9 Alvarenga Silva Alves."}, {"id": "123", "ano": "2023", "numero": "19", "tipo__sigla": "IND", "tipo__descricao": "Indica\u00e7\u00e3o", "autoria": "C\u00e9sar da Nazar\u00e9", "texto_original": "http://sapl.congonhal.mg.leg.br/media/sapl/public/materialegislativa/2023/123/indicacao_no_019_-_indica_ao_setor_responsavel_que_solicite_a_limpeza_da_rua_benedito_leopoldino_de_souza_bairro_vila_marlene..pdf", "ementa": "Indica ao setor respons\u00e1vel que solicite a limpeza da Rua Benedito Leopoldino de Souza, Bairro Vila Marlene."}, {"id": "124", "ano": "2023", "numero": "20", "tipo__sigla": "IND", "tipo__descricao": "Indica\u00e7\u00e3o", "autoria": "C\u00e9sar da Nazar\u00e9", "texto_original": "http://sapl.congonhal.mg.leg.br/media/sapl/public/materialegislativa/2023/124/indicacao_no_020_-_indica_ao_setor_responsavel_que_notifique_proprietario_de_lote_urbano_para_providencias..pdf", "ementa": "Indica ao setor respons\u00e1vel que notifique propriet\u00e1rio de lote urbano para provid\u00eancias."}, {"id": "125", "ano": "2023", "numero": "21", "tipo__sigla": "IND", "tipo__descricao": "Indica\u00e7\u00e3o", "autoria": "C\u00e9sar da Nazar\u00e9", "texto_original": "http://sapl.congonhal.mg.leg.br/media/sapl/public/materialegislativa/2023/125/indicacao_no_021_-_indica_ao_setor_responsavel_que_notifique_proprietario_de_lote_urbano_para_providencias..pdf", "ementa": "Indica ao setor respons\u00e1vel que notifique propriet\u00e1rio de lote urbano, para provid\u00eancias."}, {"id": "126", "ano": "2023", "numero": "22", "tipo__sigla": "IND", "tipo__descricao": "Indica\u00e7\u00e3o", "autoria": "Professora Hellen Coutinho", "texto_original": "http://sapl.congonhal.mg.leg.br/media/sapl/public/materialegislativa/2023/126/indicacao_no_022_-_indica_ao_poder_executivo_e_aos_responsaveis_pelas_estradas_rurais_que_facam_a_manutencao_necessaria_na_estrada_mestre_do_bairro_coutinhos_bem_como_em_dois.pdf", "ementa": "Indica ao Poder Executivo e aos respons\u00e1veis pelas estradas rurais que fa\u00e7am a manuten\u00e7\u00e3o necess\u00e1ria na estrada mestre do bairro Coutinhos, bem como em dois lugares espec\u00edficos com urg\u00eancia."}, {"id": "127", "ano": "2023", "numero": "23", "tipo__sigla": "IND", "tipo__descricao": "Indica\u00e7\u00e3o", "autoria": "C\u00e9sar da Nazar\u00e9", "texto_original": "http://sapl.congonhal.mg.leg.br/media/sapl/public/materialegislativa/2023/127/indicacao_no_023_-_indica_ao_setor_responsavel_que_solicite_limpeza_e_servicos_de_tapa_buracos_da_rua_joao_candido_pimentel_bairro_bela_vista..pdf", "ementa": "Indica ao setor respons\u00e1vel que solicite limpeza e servi\u00e7o de tapa buracos da Rua Jo\u00e3o C\u00e2ndido Pimentel, Bairro Bela Vista."}, {"id": "128", "ano": "2023", "numero": "24", "tipo__sigla": "IND", "tipo__descricao": "Indica\u00e7\u00e3o", "autoria": "C\u00e9sar da Nazar\u00e9", "texto_original": "http://sapl.congonhal.mg.leg.br/media/sapl/public/materialegislativa/2023/128/indicacao_no_024_-_indica_ao_setor_responsavel_que_solicite_a_limpeza_e_retirada_de_entulho_em_diversas_ruas_do_bairro_novo_horizonte..pdf", "ementa": "Indica ao setor respons\u00e1vel que solicite a limpeza e retirada de entulho em diversas ruas do Bairro Novo Horizonte."}, {"id": "129", "ano": "2023", "numero": "25", "tipo__sigla": "IND", "tipo__descricao": "Indica\u00e7\u00e3o", "autoria": "C\u00e9sar da Nazar\u00e9", "texto_original": "http://sapl.congonhal.mg.leg.br/media/sapl/public/materialegislativa/2023/129/indicacao_no_025_-_indica_ao_setor_responsavel_que_solicite_sejam_colocadas_lampadas_de_led_na_rua_monsenhor_jose_paulino..pdf", "ementa": "Indica ao setor respons\u00e1vel que solicite sejam colocadas l\u00e2mpadas de led na Rua Monsenhor Jos\u00e9 Paulino."}, {"id": "130", "ano": "2023", "numero": "26", "tipo__sigla": "IND", "tipo__descricao": "Indica\u00e7\u00e3o", "autoria": "C\u00e9sar da Nazar\u00e9", "texto_original": "http://sapl.congonhal.mg.leg.br/media/sapl/public/materialegislativa/2023/130/indicacao_no_026_-_indica_ao_setor_responsavel_que_solicite_a_limpeza_e_manutencao_da_rua_bahia_do_bairro_monte_rey..pdf", "ementa": "Indica ao setor respons\u00e1vel que solicite a limpeza e manuten\u00e7\u00e3o da Rua Bahia, do Bairro Monte Rey."}, {"id": "131", "ano": "2023", "numero": "27", "tipo__sigla": "IND", "tipo__descricao": "Indica\u00e7\u00e3o", "autoria": "C\u00e9sar da Nazar\u00e9", "texto_original": "http://sapl.congonhal.mg.leg.br/media/sapl/public/materialegislativa/2023/131/indicacao_no_027_-_indica_ao_setor_responsavel_que_solicite_manutencao_na_estrada_mestre_do_bairro_migueis_sentido_granja..pdf", "ementa": "Indica ao setor respons\u00e1vel que solicite manuten\u00e7\u00e3o na estrada mestre do Bairro Migu\u00e9is, sentido granja."}, {"id": "132", "ano": "2023", "numero": "28", "tipo__sigla": "IND", "tipo__descricao": "Indica\u00e7\u00e3o", "autoria": "Vanderval Mariano", "texto_original": "http://sapl.congonhal.mg.leg.br/media/sapl/public/materialegislativa/2023/132/indicacao_no_028_-_indica_ao_setor_responsavel_a_construcao_de_um_ponto_de_onibus_as_margens_da_br_459_proximo_ao_restaurante_barraca_do_rubens..pdf", "ementa": "Indica ao setor respons\u00e1vel a constru\u00e7\u00e3o de um ponto de \u00f4nibus, \u00e0s margens da BR 459, pr\u00f3ximo ao Restaurante Barraca do Rubens."}, {"id": "133", "ano": "2023", "numero": "29", "tipo__sigla": "IND", "tipo__descricao": "Indica\u00e7\u00e3o", "autoria": "Geremias Enfermeiro", "texto_original": "http://sapl.congonhal.mg.leg.br/media/sapl/public/materialegislativa/2023/133/indicacao_no_029_-_indica_ao_poder_executivo_municipal_que_reajuste_o_vale_alimentacao_instituido_pela_lei_municipal_no_1.239_2009_aos_servidores_publicos_municipais..pdf", "ementa": "Indica ao Poder Executivo Municipal que reajuste o Vale Alimenta\u00e7\u00e3o institu\u00eddo pela Lei Municipal n\u00ba 1.239/2009 aos Servidores P\u00fablicos Municipais."}, {"id": "134", "ano": "2023", "numero": "30", "tipo__sigla": "IND", "tipo__descricao": "Indica\u00e7\u00e3o", "autoria": "C\u00e9sar da Nazar\u00e9", "texto_original": "http://sapl.congonhal.mg.leg.br/media/sapl/public/materialegislativa/2023/134/indicacao_no_030_-_indica_ao_setor_responsavel_que_realize_manutencao_na_estrada_mestre_do_bairro_taiobas_proximo_ao_pesqueiro_canaa..pdf", "ementa": "Indica ao setor respons\u00e1vel que realize manuten\u00e7\u00e3o na estrada mestre do Bairro Taiobas, pr\u00f3ximo ao Pesqueiro Cana\u00e3."}, {"id": "135", "ano": "2023", "numero": "31", "tipo__sigla": "IND", "tipo__descricao": "Indica\u00e7\u00e3o", "autoria": "C\u00e9sar da Nazar\u00e9", "texto_original": "http://sapl.congonhal.mg.leg.br/media/sapl/public/materialegislativa/2023/135/indicacao_no_031_-_indica_ao_setor_responsavel_que_realize_servico_de_manutencao_na_rua_jose_inacio_franco_altura_do_no_58_bairro_bela_vista..pdf", "ementa": "Indica ao setor respons\u00e1vel que realize servi\u00e7o de manuten\u00e7\u00e3o na Rua Jos\u00e9 In\u00e1cio Franco, altura do n\u00ba 58, do Bairro Bela Vista."}, {"id": "136", "ano": "2023", "numero": "32", "tipo__sigla": "IND", "tipo__descricao": "Indica\u00e7\u00e3o", "autoria": "C\u00e9sar da Nazar\u00e9", "texto_original": "http://sapl.congonhal.mg.leg.br/media/sapl/public/materialegislativa/2023/136/indicacao_no_032_-_indica_ao_setor_responsavel_que_realize_servico_de_melhoria_manutencao_na_rua_silvestre_dos_reis_em_frente_ao_no_109_bairro_saude..pdf", "ementa": "Indica ao setor respons\u00e1vel que realize servi\u00e7o de melhoria/manuten\u00e7\u00e3o na Rua Silvestre do Reis, em frente ao n\u00ba 109, Bairro Sa\u00fade."}, {"id": "137", "ano": "2023", "numero": "33", "tipo__sigla": "IND", "tipo__descricao": "Indica\u00e7\u00e3o", "autoria": "Professora Hellen Coutinho", "texto_original": "http://sapl.congonhal.mg.leg.br/media/sapl/public/materialegislativa/2023/137/indicacao_no_033_-_indica_ao_setor_responsavel_que_faca_manutencao_necessaria_na_estrada_de_acesso_a_terraplanagem_no_bairro_dos_coutinhos..pdf", "ementa": "Indica ao setor respons\u00e1vel que fa\u00e7a manuten\u00e7\u00e3o necess\u00e1ria na estrada de acesso a Terraplanagem no Bairro dos Coutinhos."}, {"id": "138", "ano": "2023", "numero": "34", "tipo__sigla": "IND", "tipo__descricao": "Indica\u00e7\u00e3o", "autoria": "Vanderval Mariano", "texto_original": "http://sapl.congonhal.mg.leg.br/media/sapl/public/materialegislativa/2023/138/indicacao_no_034_-_indica_ao_setor_de_obras_rurais_a_realizacao_de_operacao_tapa_buracos_na_estrada_principal_do_bairro_grota_rica..pdf", "ementa": "Indica ao setor de obras rurais a realiza\u00e7\u00e3o de opera\u00e7\u00e3o tapa buracos na estrada principal do bairro Grota Rica."}, {"id": "139", "ano": "2023", "numero": "35", "tipo__sigla": "IND", "tipo__descricao": "Indica\u00e7\u00e3o", "autoria": "Vanderval Mariano", "texto_original": "http://sapl.congonhal.mg.leg.br/media/sapl/public/materialegislativa/2023/139/indicacao_no_035_-_indica_ao_setor_de_obras_rurais_a_realizacao_de_operacao_tapa_buracos_na_estrada_principal_do_bairro_almas..pdf", "ementa": "Indica ao setor de obras rurais a realiza\u00e7\u00e3o de opera\u00e7\u00e3o tapa buracos na estrada principal do bairro Almas."}, {"id": "140", "ano": "2023", "numero": "36", "tipo__sigla": "IND", "tipo__descricao": "Indica\u00e7\u00e3o", "autoria": "Vanderval Mariano", "texto_original": "http://sapl.congonhal.mg.leg.br/media/sapl/public/materialegislativa/2023/140/indicacao_no_036_-_indica_ao_setor_de_obras_rurais_a_realizacao_de_operacao_tapa_buracos_na_estrada_principal_do_bairro_cervo..pdf", "ementa": "Indica ao setor de obras rurais a realiza\u00e7\u00e3o de opera\u00e7\u00e3o tapa buracos na estrada principal do bairro Cervo."}, {"id": "141", "ano": "2023", "numero": "37", "tipo__sigla": "IND", "tipo__descricao": "Indica\u00e7\u00e3o", "autoria": "Vanderval Mariano", "texto_original": "http://sapl.congonhal.mg.leg.br/media/sapl/public/materialegislativa/2023/141/indicacao_no_037_-_indica_ao_setor_de_obras_tapa_buracos_na_estrada_principal_do_bairro_taiobas..pdf", "ementa": "Indica ao setor de obras rurais a realiza\u00e7\u00e3o de opera\u00e7\u00e3o tapa buracos na estrada principal do bairro Taiobas."}, {"id": "143", "ano": "2023", "numero": "38", "tipo__sigla": "IND", "tipo__descricao": "Indica\u00e7\u00e3o", "autoria": "Vanderval Mariano", "texto_original": "http://sapl.congonhal.mg.leg.br/media/sapl/public/materialegislativa/2023/143/indicacao_no_038_-_indica_ao_setor_de_obras_rurais_a_realizacao_de_operacao_tapa_buracos_na_estrada_principal_do_bairro_cavas..pdf", "ementa": "Indica ao setor de obras rurais a realiza\u00e7\u00e3o de opera\u00e7\u00e3o tapa buracos na estrada principal do bairro Cavas."}, {"id": "142", "ano": "2023", "numero": "39", "tipo__sigla": "IND", "tipo__descricao": "Indica\u00e7\u00e3o", "autoria": "Vanderval Mariano", "texto_original": "http://sapl.congonhal.mg.leg.br/media/sapl/public/materialegislativa/2023/142/indicacao_no_039_-_indica_ao_setor_responsavel_a_disponibilizacao_de_maquina_patrol_e_outros_veiculos_publicos_para_os_servicos_pertinentes_no_municipio_de_congonhal..pdf", "ementa": "Indica ao setor respons\u00e1vel a disponibiliza\u00e7\u00e3o de m\u00e1quina patrol e outros ve\u00edculos p\u00fablicos para os servi\u00e7os pertinentes no munic\u00edpio de Congonhal."}, {"id": "144", "ano": "2023", "numero": "40", "tipo__sigla": "IND", "tipo__descricao": "Indica\u00e7\u00e3o", "autoria": "Professora Hellen Coutinho", "texto_original": "http://sapl.congonhal.mg.leg.br/media/sapl/public/materialegislativa/2023/144/indicacao_no_040_-_indica_ao_setor_responsavel_que_faca.pdf", "ementa": "Indica ao setor respons\u00e1vel que fa\u00e7a manuten\u00e7\u00e3o necess\u00e1ria na estrada do Bairro dos Macacos sentido a Ch\u00e1cara S\u00e3o Paulo."}, {"id": "145", "ano": "2023", "numero": "41", "tipo__sigla": "IND", "tipo__descricao": "Indica\u00e7\u00e3o", "autoria": "Geremias Enfermeiro", "texto_original": "http://sapl.congonhal.mg.leg.br/media/sapl/public/materialegislativa/2023/145/indicacao_no_041_-_indica_ao_setor_responsavel_que_faca_manutencao_na_estrada_do_bairro_campestre_a_pedido_do_sr._gilberto_novelli..pdf", "ementa": "Indica ao setor respons\u00e1vel que fa\u00e7a manuten\u00e7\u00e3o na estrada do bairro Campestre, a pedido do Sr. Gilberto Novelli."}, {"id": "146", "ano": "2023", "numero": "42", "tipo__sigla": "IND", "tipo__descricao": "Indica\u00e7\u00e3o", "autoria": "Vanderval Mariano", "texto_original": "http://sapl.congonhal.mg.leg.br/media/sapl/public/materialegislativa/2023/146/indicacao_no_042_-_indica_ao_setor_responsavel_extensao_da_rede_eletrica_instalacao_de_lampadas_para_iluminacao_publica_e_melhorias_nas_condicoes_dos_transformadores_no_bair.pdf", "ementa": "Indica ao setor respons\u00e1vel extens\u00e3o da rede el\u00e9trica, instala\u00e7\u00e3o de l\u00e2mpadas para ilumina\u00e7\u00e3o p\u00fablica e melhorias nas condi\u00e7\u00f5es dos transformadores, no Bairro Grota Rica."}, {"id": "147", "ano": "2023", "numero": "43", "tipo__sigla": "IND", "tipo__descricao": "Indica\u00e7\u00e3o", "autoria": "C\u00e9sar da Nazar\u00e9", "texto_original": "http://sapl.congonhal.mg.leg.br/media/sapl/public/materialegislativa/2023/147/indicacao_no_043_-_indica_ao_setor_responsavel_que_realize_servico_de_melhoria_manutencao_na_estrada_do_bairro_das_contas_proximidades_a_propriedade_da_sra._dalva_sr._adilso.pdf", "ementa": "Indica ao setor respons\u00e1vel que realize servi\u00e7o de melhoria/manuten\u00e7\u00e3o na estrada do bairro das Contas, proximidades \u00e0 propriedade da Sra. Dalva, Sr. Adilson e Sr. Luciano."}, {"id": "148", "ano": "2023", "numero": "44", "tipo__sigla": "IND", "tipo__descricao": "Indica\u00e7\u00e3o", "autoria": "C\u00e9sar da Nazar\u00e9", "texto_original": "http://sapl.congonhal.mg.leg.br/media/sapl/public/materialegislativa/2023/148/indicacao_no_044_-_indica_ao_seto_responsavel_que_realize_notificacao_do_proprietario_do_lote_situado_a_rua_jose_ribeiro_coutinho_ao_lado_do_no_267_bairro_primavera_iii_par.pdf", "ementa": "Notifica\u00e7\u00e3o do propriet\u00e1rio do lote situado \u00e0 Rua Jos\u00e9 Ribeiro Coutinho, ao lado do n\u00ba 267, bairro Primavera III, para sua limpeza."}, {"id": "149", "ano": "2023", "numero": "45", "tipo__sigla": "IND", "tipo__descricao": "Indica\u00e7\u00e3o", "autoria": "C\u00e9sar da Nazar\u00e9", "texto_original": "http://sapl.congonhal.mg.leg.br/media/sapl/public/materialegislativa/2023/149/indicacao_no_045_-_indica_ao_setor_responsavel_que_realize_manutencao_no_calcamento_e_instalacao_de_placa_de_sinalizacao_na_rua_geraldo_jonas_souza_bairro_primavera..pdf", "ementa": "Manuten\u00e7\u00e3o no cal\u00e7amento e instala\u00e7\u00e3o de placa de sinaliza\u00e7\u00e3o na Rua Geraldo Jonas Souza, bairro Primavera."}, {"id": "150", "ano": "2023", "numero": "46", "tipo__sigla": "IND", "tipo__descricao": "Indica\u00e7\u00e3o", "autoria": "C\u00e9sar da Nazar\u00e9", "texto_original": "http://sapl.congonhal.mg.leg.br/media/sapl/public/materialegislativa/2023/150/indicacao_no_046_-_indica_ao_setor_responsavel_que_realize_manutencao_na_estrada_mestre_do_bairro_macacos_altura_da_encruzilhada_proxima_a_propriedade_do_sr._jairo..pdf", "ementa": "Manuten\u00e7\u00e3o na estrada mestre do Bairro Macacos, altura da encruzilhada pr\u00f3xima a propriedade do Sr. Jairo."}, {"id": "151", "ano": "2023", "numero": "47", "tipo__sigla": "IND", "tipo__descricao": "Indica\u00e7\u00e3o", "autoria": "C\u00e9sar da Nazar\u00e9", "texto_original": "http://sapl.congonhal.mg.leg.br/media/sapl/public/materialegislativa/2023/151/indicacao_no_047_-_indica_ao_setor_responsavel_que_realize_servico_de_melhoria_manutencao_na_avenida_mario_silveira_em_frente_ao_no_1.058_bairro_santa_elisa..pdf", "ementa": "Servi\u00e7o de melhoria/manuten\u00e7\u00e3o na Avenida Mario Silveira, em frente ao n\u00ba 1.058, bairro Santa Elisa."}, {"id": "152", "ano": "2023", "numero": "48", "tipo__sigla": "IND", "tipo__descricao": "Indica\u00e7\u00e3o", "autoria": "C\u00e9sar da Nazar\u00e9", "texto_original": "http://sapl.congonhal.mg.leg.br/media/sapl/public/materialegislativa/2023/152/indicacao_no_048_-_indica_ao_setor_responsavel_que_realize_rocagem_do_mato_e_limpeza_as_margens_da_br_459_proximidades_da_pizzaria_jk..pdf", "ementa": "Ro\u00e7agem do mato e limpeza \u00e0s margens da BR 459, proximidade da Pizzaria JK."}, {"id": "153", "ano": "2023", "numero": "49", "tipo__sigla": "IND", "tipo__descricao": "Indica\u00e7\u00e3o", "autoria": "C\u00e9sar da Nazar\u00e9", "texto_original": "http://sapl.congonhal.mg.leg.br/media/sapl/public/materialegislativa/2023/153/indicacao_no_049_-_indica_ao_setor_responsavel_que_realize_limpeza_na_rua_geraldo_jonas_souza_bairro_primavera..pdf", "ementa": "Limpeza na Rua Geraldo Jonas Souza, Bairro Primavera."}, {"id": "154", "ano": "2023", "numero": "50", "tipo__sigla": "IND", "tipo__descricao": "Indica\u00e7\u00e3o", "autoria": "Geremias Enfermeiro", "texto_original": "http://sapl.congonhal.mg.leg.br/media/sapl/public/materialegislativa/2023/154/indicacao_no_050_-_indica_ao_setor_responsavel_que_realize_a_manutencao_da_estrada_do_bairro_da_mata_proximidade_da_casa_do_sr._jose_mauro_genro_do_senhro_conhecido_como_ger.pdf", "ementa": "Manuten\u00e7\u00e3o da estrada do Bairro da Mata, proximidade da casa do Sr. Jos\u00e9 Mauro."}, {"id": "155", "ano": "2023", "numero": "51", "tipo__sigla": "IND", "tipo__descricao": "Indica\u00e7\u00e3o", "autoria": "Professora Hellen Coutinho", "texto_original": "http://sapl.congonhal.mg.leg.br/media/sapl/public/materialegislativa/2023/155/indicacao_no_051_-_indica_ao_poder_executivo_e_aos_responsaveis_pelas_estradas_rurais_que_facam_a_manutencao_necessaria_na_estrada_do_bairro_macacos_sentido_a_residencia_da_s.pdf", "ementa": "Manuten\u00e7\u00e3o necess\u00e1ria na estrada do bairro Macacos, sentido a resid\u00eancia da Sra. Hediana."}, {"id": "156", "ano": "2023", "numero": "52", "tipo__sigla": "IND", "tipo__descricao": "Indica\u00e7\u00e3o", "autoria": "Lucas Santinho", "texto_original": "http://sapl.congonhal.mg.leg.br/media/sapl/public/materialegislativa/2023/156/indicacao_no_052_-_indica_ao_poder_executivo_a_implementacao_de_cruso_pre_vestibular_enem_para_os_jovens_do_nosso_municipio..pdf", "ementa": "Implementa\u00e7\u00e3o de Curso Pr\u00e9 Vestibular/ENEM para os jovens do nosso munic\u00edpio."}, {"id": "157", "ano": "2023", "numero": "53", "tipo__sigla": "IND", "tipo__descricao": "Indica\u00e7\u00e3o", "autoria": "Professora Hellen Coutinho", "texto_original": "http://sapl.congonhal.mg.leg.br/media/sapl/public/materialegislativa/2023/157/indicacao_no_053_-_indica_ao_poder_executivo_o_reajuste_dos_vencimentos_dos_profissionais_da_educacao_municipal_de_acordo_com_o_piso_salarial_estabelecido_em_lei_federal..pdf", "ementa": "Reajuste dos vencimentos dos profissionais da Educa\u00e7\u00e3o Municipal, de acordo com o piso salarial estabelecido em Lei Federal."}, {"id": "158", "ano": "2023", "numero": "54", "tipo__sigla": "IND", "tipo__descricao": "Indica\u00e7\u00e3o", "autoria": "C\u00e9sar da Nazar\u00e9", "texto_original": "http://sapl.congonhal.mg.leg.br/media/sapl/public/materialegislativa/2023/158/indicacao_no_054_-_indica_ao_setor_responsavel_que_realize_limpeza_na_rua_jose_inacio_de_souza_travessa_da_avenida_prefeito_mario_silveira..pdf", "ementa": "Limpeza na Rua Jos\u00e9 In\u00e1cio de Souza, travessa da Avenida Prefeito Mario Silveira."}, {"id": "159", "ano": "2023", "numero": "55", "tipo__sigla": "IND", "tipo__descricao": "Indica\u00e7\u00e3o", "autoria": "C\u00e9sar da Nazar\u00e9", "texto_original": "http://sapl.congonhal.mg.leg.br/media/sapl/public/materialegislativa/2023/159/indicacao_no_055_-_indica_ao_setor_responsavel_que_realize_obras_de_melhorias_no_calcamento_da_rua_jose_gomes_sobrinho_altura_do_no_333_bairro_primavera..pdf", "ementa": "Obras de melhoria no cal\u00e7amento da Rua Jos\u00e9 Gomes Sobrinho, altura do n\u00ba 333, bairro Primavera."}, {"id": "160", "ano": "2023", "numero": "56", "tipo__sigla": "IND", "tipo__descricao": "Indica\u00e7\u00e3o", "autoria": "C\u00e9sar da Nazar\u00e9", "texto_original": "http://sapl.congonhal.mg.leg.br/media/sapl/public/materialegislativa/2023/160/indicacao_no_056_-_indica_ao_setor_responsavel_que_realize_limpeza_na_rua_americo_mariano_da_silva_altura_do_no_280_bairro_primavera..pdf", "ementa": "Limpeza na Rua Am\u00e9rico Mariano da Silva, altura do n\u00ba 280, Bairro Primavera."}, {"id": "161", "ano": "2023", "numero": "57", "tipo__sigla": "IND", "tipo__descricao": "Indica\u00e7\u00e3o", "autoria": "C\u00e9sar da Nazar\u00e9", "texto_original": "http://sapl.congonhal.mg.leg.br/media/sapl/public/materialegislativa/2023/161/indicacao_no_057_-_indica_ao_setor_responsavel_que_realize_obras_para_contencao_de_enchentes_na_rua_pulcheria_de_paiva_pinto_proximo_ao_poliesportivo_municipal..pdf", "ementa": "Obras para conten\u00e7\u00e3o de enchentes na Rua Pulch\u00e9ria Paiva Pinto, pr\u00f3ximo ao Poliesportivo Municipal."}, {"id": "162", "ano": "2023", "numero": "58", "tipo__sigla": "IND", "tipo__descricao": "Indica\u00e7\u00e3o", "autoria": "C\u00e9sar da Nazar\u00e9", "texto_original": "http://sapl.congonhal.mg.leg.br/media/sapl/public/materialegislativa/2023/162/indicacao_no_058_-_indica_ao_setor_responsavel_que_realize_manutencao_na_estrada_rural_do_bairro_almas_proximo_a_propriedade_do_sr._paulo_lucio_dos_santos..pdf", "ementa": "Manuten\u00e7\u00e3o na estrada rural do Bairro Almas, pr\u00f3ximo a propriedade do Sr. Paulo L\u00facio dos Santos."}, {"id": "163", "ano": "2023", "numero": "59", "tipo__sigla": "IND", "tipo__descricao": "Indica\u00e7\u00e3o", "autoria": "C\u00e9sar da Nazar\u00e9", "texto_original": "http://sapl.congonhal.mg.leg.br/media/sapl/public/materialegislativa/2023/163/indicacao_no_059_-_indica_ao_setor_responsavel_que_realize_a_retirada_de_entulho_localizado_na_rua_professora_lazara_souza_e_silva_bairro_monte_rey..pdf", "ementa": "Retirada de entulho localizado na Rua Professora L\u00e1zara Souza e Silva, Bairro Monte Rey."}, {"id": "164", "ano": "2023", "numero": "60", "tipo__sigla": "IND", "tipo__descricao": "Indica\u00e7\u00e3o", "autoria": "C\u00e9sar da Nazar\u00e9", "texto_original": "http://sapl.congonhal.mg.leg.br/media/sapl/public/materialegislativa/2023/164/indicacao_no_060_-_indica_ao_setor_responsavel_que_realize_manutencao_na_estrada_rural_do_bairro_almas_proximo_ao_estabelecimento_comercial_do_sr._leandro..pdf", "ementa": "Manuten\u00e7\u00e3o na estrada rural do Bairro Almas, pr\u00f3ximo ao estabelecimento comercial do Sr. Leandro."}, {"id": "165", "ano": "2023", "numero": "61", "tipo__sigla": "IND", "tipo__descricao": "Indica\u00e7\u00e3o", "autoria": "Geremias Enfermeiro", "texto_original": "http://sapl.congonhal.mg.leg.br/media/sapl/public/materialegislativa/2023/165/indicacao_no_061_-_indica_ao_poder_executivo_que_realize_o_pagamento_do_piso_da_enfermagem_aos_profissionais_municipais_que_atuam_nessa_area..pdf", "ementa": "Pagamento do piso da Enfermagem aos profissionais municipais que atuam nessa \u00e1rea."}, {"id": "166", "ano": "2023", "numero": "62", "tipo__sigla": "IND", "tipo__descricao": "Indica\u00e7\u00e3o", "autoria": "Gustavo Lopes", "texto_original": "http://sapl.congonhal.mg.leg.br/media/sapl/public/materialegislativa/2023/166/indicacao_no_062_-_indica_ao_setor_responsavel_que_de_continuidade_na_instalacao_de_manilhas_na_rede_que_liga_o_escoamento_das_aguas_fluviais_da_rua_senador_jose_bento_bairro.pdf", "ementa": "Continuidade na instala\u00e7\u00e3o de manilhas na rede que liga o escoamento das \u00e1guas fluviais da Rua Senador Jos\u00e9 Bento, Bairro Santo Onofre."}, {"id": "167", "ano": "2023", "numero": "63", "tipo__sigla": "IND", "tipo__descricao": "Indica\u00e7\u00e3o", "autoria": "Gustavo Lopes", "texto_original": "http://sapl.congonhal.mg.leg.br/media/sapl/public/materialegislativa/2023/167/indicacao_no_063_-_indica_ao_setor_responsavel_que_faca_a_poda_de_arvores_localizada_na_rua_senador_jose_bento_bairro_santo_onofre..pdf", "ementa": "Poda de \u00e1rvores localizadas na rua Senador Jos\u00e9 Bento, Bairro Santo Onofre."}, {"id": "168", "ano": "2023", "numero": "64", "tipo__sigla": "IND", "tipo__descricao": "Indica\u00e7\u00e3o", "autoria": "Gustavo Lopes", "texto_original": "http://sapl.congonhal.mg.leg.br/media/sapl/public/materialegislativa/2023/168/indicacao_no_064_-_indica_ao_setor_responsavel_que_faca_limpeza_da_boca_de_lobo_na_rua_senador_jose_bento_bairro_santo_onofre..pdf", "ementa": "Limpeza da boca de lobo, na Rua Senador Jos\u00e9 Bento, Bairro Santo Onofre."}, {"id": "169", "ano": "2023", "numero": "65", "tipo__sigla": "IND", "tipo__descricao": "Indica\u00e7\u00e3o", "autoria": "Gustavo Lopes", "texto_original": "http://sapl.congonhal.mg.leg.br/media/sapl/public/materialegislativa/2023/169/indicacao_no_065_-_indica_ao_setor_responsavel_que_faca_instalacao_das_placas_com_nomes_das_ruas_no_bairro_santo_onofre..pdf", "ementa": "Instala\u00e7\u00e3o das placas com nomes das ruas no Bairro Santo Onofre."}, {"id": "170", "ano": "2023", "numero": "66", "tipo__sigla": "IND", "tipo__descricao": "Indica\u00e7\u00e3o", "autoria": "Professora Hellen Coutinho", "texto_original": "http://sapl.congonhal.mg.leg.br/media/sapl/public/materialegislativa/2023/170/indicacao_no_066_-_indica_ao_poder_executivo_e_a_secretaria_municipal_de_educacao_que_coloque_o_nome_na_parte_externa_na_escola_municipal_pref._joaquim_inacio_franco_bem_como.pdf", "ementa": "Coloque o nome na parte externa na Escola Municipal Prefeito Joaquim In\u00e1cio Franco bem como pinturas com tema infantil."}, {"id": "171", "ano": "2023", "numero": "67", "tipo__sigla": "IND", "tipo__descricao": "Indica\u00e7\u00e3o", "autoria": "C\u00e9sar da Nazar\u00e9", "texto_original": "http://sapl.congonhal.mg.leg.br/media/sapl/public/materialegislativa/2023/171/indicacao_no_067_-_indica_ao_setor_responsavel_que_realize_manutencao_na_estrada_rural_apos_o_pesqueiro_do_sr._ze_vieirinha_as_margens_do_rio_cervo_a_pedido_da_sra._tatiane.pdf", "ementa": "Manuten\u00e7\u00e3o na estrada rural ap\u00f3s o pesqueiro do Sr. Z\u00e9 Vieirinha, \u00e0s margens do Rio Cervo"}, {"id": "172", "ano": "2023", "numero": "68", "tipo__sigla": "IND", "tipo__descricao": "Indica\u00e7\u00e3o", "autoria": "C\u00e9sar da Nazar\u00e9", "texto_original": "http://sapl.congonhal.mg.leg.br/media/sapl/public/materialegislativa/2023/172/indicacao_no_068_-_indica_ao_setor_responsavel_que_realize_manutencao_na_ponte_de_acesso_ao_bairro_campestre..pdf", "ementa": "Manuten\u00e7\u00e3o na ponte de acesso ao Bairro Campestre."}, {"id": "173", "ano": "2023", "numero": "69", "tipo__sigla": "IND", "tipo__descricao": "Indica\u00e7\u00e3o", "autoria": "C\u00e9sar da Nazar\u00e9", "texto_original": "http://sapl.congonhal.mg.leg.br/media/sapl/public/materialegislativa/2023/173/indicacao_no_069_-_indica_ao_setor_responsavel_a_instalacao_de_placa_de_denominacao_de_logradouro_publico_na_rua_professora_lazara_souza_e_silva_esquina_com_a_avenida_prefeit.pdf", "ementa": "Instala\u00e7\u00e3o de placa de denomina\u00e7\u00e3o de logradouro p\u00fablico na Rua Professora L\u00e1zara Souza e Silva, esquina com a Avenida Prefeito Mario Silveira."}, {"id": "174", "ano": "2023", "numero": "70", "tipo__sigla": "IND", "tipo__descricao": "Indica\u00e7\u00e3o", "autoria": "C\u00e9sar da Nazar\u00e9", "texto_original": "http://sapl.congonhal.mg.leg.br/media/sapl/public/materialegislativa/2023/174/indicacao_no_070_-_indica_aos_etor_responsavel_que_realize_servico_de_manutencao_na_rua_coronel_evaristo_valdetario_e_silva_altura_do_no_833_bairro_jardim_planalto..pdf", "ementa": "Servi\u00e7o de manuten\u00e7\u00e3o na Rua Coronel Evaristo Valdet\u00e1rio e Silva, altura do n\u00ba 833, Bairro Jardim Planalto."}, {"id": "175", "ano": "2023", "numero": "71", "tipo__sigla": "IND", "tipo__descricao": "Indica\u00e7\u00e3o", "autoria": "C\u00e9sar da Nazar\u00e9", "texto_original": "http://sapl.congonhal.mg.leg.br/media/sapl/public/materialegislativa/2023/175/indicacao_no_071_-_indica_ao_setor_responsavel_que_realize_limpeza_na_rua_alagoas_bairro_novo_horizonte..pdf", "ementa": "Limpeza na Rua Alagoas, Bairro Novo Horizonte."}, {"id": "176", "ano": "2023", "numero": "72", "tipo__sigla": "IND", "tipo__descricao": "Indica\u00e7\u00e3o", "autoria": "C\u00e9sar da Nazar\u00e9", "texto_original": "http://sapl.congonhal.mg.leg.br/media/sapl/public/materialegislativa/2023/176/indicacao_no_072_-_indica_ao_setor_responsavel_que_realize_limpeza_na_rua_paraiba_bairro_novo_horizonte..pdf", "ementa": "Limpeza na Rua Para\u00edba, Bairro Novo Horizonte."}, {"id": "177", "ano": "2023", "numero": "73", "tipo__sigla": "IND", "tipo__descricao": "Indica\u00e7\u00e3o", "autoria": "C\u00e9sar da Nazar\u00e9", "texto_original": "http://sapl.congonhal.mg.leg.br/media/sapl/public/materialegislativa/2023/177/indicacao_no_073_-_indica_ao_setor_responsavel_que_realize_a_limpeza_na_rua_pernambuco_bairro_novo_horizonte..pdf", "ementa": "Limpeza na Rua Pernambuco, Bairro Novo Horizonte."}, {"id": "178", "ano": "2023", "numero": "74", "tipo__sigla": "IND", "tipo__descricao": "Indica\u00e7\u00e3o", "autoria": "C\u00e9sar da Nazar\u00e9", "texto_original": "http://sapl.congonhal.mg.leg.br/media/sapl/public/materialegislativa/2023/178/indicacao_no_074_-_indica_ao_setor_responsavel_que_realize_manutencao_em_ponte_localizada_no_bairro_dos_migueis_sentido_ao_imovel_do_sr._paulo_sergio..pdf", "ementa": "Manuten\u00e7\u00e3o em ponte localizada no Bairro dos Migu\u00e9is, sentido ao im\u00f3vel do Sr. Paulo S\u00e9rgio."}, {"id": "179", "ano": "2023", "numero": "75", "tipo__sigla": "IND", "tipo__descricao": "Indica\u00e7\u00e3o", "autoria": "C\u00e9sar da Nazar\u00e9", "texto_original": "http://sapl.congonhal.mg.leg.br/media/sapl/public/materialegislativa/2023/179/indicacao_no_075_-_indica_ao_setor_responsavel_a_instalacao_de_placas_de_sinalizacao_proibindo_o_estacionamento_de_qualquer_especie_de_veiculo_as_margens_da_br_459_em_todo_o.pdf", "ementa": "Instala\u00e7\u00e3o de placas de sinaliza\u00e7\u00e3o, proibindo o estacionamento de qualquer esp\u00e9cie de ve\u00edculo \u00e0s margens da BR 459, em todo o per\u00edmetro urbano de Congonhal, bem como sua fiscaliza\u00e7\u00e3o."}, {"id": "180", "ano": "2023", "numero": "76", "tipo__sigla": "IND", "tipo__descricao": "Indica\u00e7\u00e3o", "autoria": "Vanderval Mariano", "texto_original": "http://sapl.congonhal.mg.leg.br/media/sapl/public/materialegislativa/2023/180/indicacao_no_076_-_indica_ao_setor_responsavel_que_realize_limpeza_na_boca_de_manilha_as_margens_da_br_459_no_ribeirao_proximo_ao_conclub_a_pedido_do_sr._renato_nazareno..pdf", "ementa": "Limpeza na boca de manilha, \u00e0s margens da BR 459"}, {"id": "181", "ano": "2023", "numero": "77", "tipo__sigla": "IND", "tipo__descricao": "Indica\u00e7\u00e3o", "autoria": "Vanderval Mariano", "texto_original": "http://sapl.congonhal.mg.leg.br/media/sapl/public/materialegislativa/2023/181/indicacao_no_077_-_indica_ao_setor_responsavel_que_realize_troca_de_lampadas_queimadas_no_perimetro_urbano_as_margens_da_br_459..pdf", "ementa": "Troca de l\u00e2mpadas queimadas no per\u00edmetro urbano, \u00e0s margens da BR 459."}, {"id": "182", "ano": "2023", "numero": "78", "tipo__sigla": "IND", "tipo__descricao": "Indica\u00e7\u00e3o", "autoria": "Professora Hellen Coutinho", "texto_original": "http://sapl.congonhal.mg.leg.br/media/sapl/public/materialegislativa/2023/182/indicacao_no_078_-_indica_ao_setor_responsavel_que_realize_manutencao_na_cabeca_da_ponte_no_bairro_rural_macacos_proximo_a_residencia_do_sr._jose_wilson_gomes.pdf", "ementa": "Manuten\u00e7\u00e3o na cabe\u00e7a de ponte no Bairro Rural Macacos"}, {"id": "183", "ano": "2023", "numero": "79", "tipo__sigla": "IND", "tipo__descricao": "Indica\u00e7\u00e3o", "autoria": "Geremias Enfermeiro", "texto_original": "http://sapl.congonhal.mg.leg.br/media/sapl/public/materialegislativa/2023/183/indicacao_no_079_-_indica_ao_setor_responsavel_que_realize_limpeza_em_manilhas_ou_se_necessario_for_substituir_por_manilhas_mais_grossas_localizado_no_bairro_quintilhanos_pr.pdf", "ementa": "Limpeza em manilhas ou se necess\u00e1rio for, substituir por manilhas mais grossas localizado no Bairro Quintilhanos."}, {"id": "184", "ano": "2023", "numero": "80", "tipo__sigla": "IND", "tipo__descricao": "Indica\u00e7\u00e3o", "autoria": "Geremias Enfermeiro", "texto_original": "http://sapl.congonhal.mg.leg.br/media/sapl/public/materialegislativa/2023/184/indicacao_no_080_-_indica_ao_setor_responsavel_que_realize_cascalhamento_e_manutencao_necessaria_no_morro_proximo_ao_pesqueiro_ze_vieirinha_a_pedido_da_sra._ana_paula_xavier..pdf", "ementa": "Cascalhamento e manuten\u00e7\u00e3o necess\u00e1ria no morro pr\u00f3ximo ao pesqueiro Z\u00e9 Vieirinha."}, {"id": "185", "ano": "2023", "numero": "81", "tipo__sigla": "IND", "tipo__descricao": "Indica\u00e7\u00e3o", "autoria": "Geremias Enfermeiro", "texto_original": "http://sapl.congonhal.mg.leg.br/media/sapl/public/materialegislativa/2023/185/indicacao_no_081_-_indica_ao_setor_responsavel_que_realize_a_manutencao_e_patrolamento_das_estradas_rurais_nos_bairros_barreirinhos_quintilhanos_e_malheiros_saindo_ate_as_mar.pdf", "ementa": "Manuten\u00e7\u00e3o e patrolamento das estradas rurais nos Bairro Barreirinhos, Quintilhanos e Malheiros"}, {"id": "186", "ano": "2023", "numero": "82", "tipo__sigla": "IND", "tipo__descricao": "Indica\u00e7\u00e3o", "autoria": "Gustavo Lopes", "texto_original": "http://sapl.congonhal.mg.leg.br/media/sapl/public/materialegislativa/2023/186/indicacao_no_082_-_indica_ao_setor_responsavel_que_faca_as_trocas_das_lampadas_dos_refletores_do_campo_de_futebol_municipal_prefeito_gerson_da_silva_por_lampadas_de_led..pdf", "ementa": "Trocas das l\u00e2mpadas dos refletores do Campo de Futebol Municipal Prefeito Gerson da Silva, por l\u00e2mpadas de LED."}, {"id": "187", "ano": "2023", "numero": "83", "tipo__sigla": "IND", "tipo__descricao": "Indica\u00e7\u00e3o", "autoria": "Gustavo Lopes", "texto_original": "http://sapl.congonhal.mg.leg.br/media/sapl/public/materialegislativa/2023/187/indicacao_no_083_-_indica_ao_setor_responsavel_que_faca_manutencao_nas_cestas_de_basquete_do_ginasio_da_escola_municipal_joao_lucio_dos_santos..pdf", "ementa": "Manuten\u00e7\u00e3o nas cestas de basquete do gin\u00e1sio da Escola Municipal Jo\u00e3o L\u00facio dos Santos."}, {"id": "188", "ano": "2023", "numero": "84", "tipo__sigla": "IND", "tipo__descricao": "Indica\u00e7\u00e3o", "autoria": "Gustavo Lopes", "texto_original": "http://sapl.congonhal.mg.leg.br/media/sapl/public/materialegislativa/2023/188/indicacao_no_084_-_indica_ao_setor_responsavel_que_faca_manutencao_no_calcamento_na_rua_joao_candido_pimentel_paralela_com_rua_jordino_dos_reis_bairro_bela_vista..pdf", "ementa": "Manuten\u00e7\u00e3o no cal\u00e7amento na Rua Jo\u00e3o C\u00e2ndido Pimentel paralela com Rua Jordino dos Reis, bairro Bela Vista."}, {"id": "189", "ano": "2023", "numero": "85", "tipo__sigla": "IND", "tipo__descricao": "Indica\u00e7\u00e3o", "autoria": "C\u00e9sar da Nazar\u00e9", "texto_original": "http://sapl.congonhal.mg.leg.br/media/sapl/public/materialegislativa/2023/189/indicacao_no_085_-_indica_ao_setor_responsavel_que_realize_servico_de_manutencao_no_calcamento_da_rua_jordino_reis_bairro_bela_vista_a_pedido_do_sr._felipe_martins..pdf", "ementa": "Servi\u00e7o de manuten\u00e7\u00e3o no cal\u00e7amento da Rua Jordino Francisco Reis, Bairro Bela Vista."}, {"id": "190", "ano": "2023", "numero": "86", "tipo__sigla": "IND", "tipo__descricao": "Indica\u00e7\u00e3o", "autoria": "C\u00e9sar da Nazar\u00e9", "texto_original": "http://sapl.congonhal.mg.leg.br/media/sapl/public/materialegislativa/2023/190/indicacao_no_086_-_indica_ao_setor_responsavel_que_realize_rocagem_do_mato_e_limpeza_no_ponto_de_onibus_as_margens_da_br_459_em_frente_ao_bairro_santa_edwirges.pdf", "ementa": "Ro\u00e7agem do mato e limpeza no ponto de \u00f4nibus \u00e0s margens da BR 459, em frente ao Bairro Santa Edwirges."}, {"id": "191", "ano": "2023", "numero": "87", "tipo__sigla": "IND", "tipo__descricao": "Indica\u00e7\u00e3o", "autoria": "C\u00e9sar da Nazar\u00e9", "texto_original": "http://sapl.congonhal.mg.leg.br/media/sapl/public/materialegislativa/2023/191/indicacao_no_087_-_indica_ao_setor_responsavel_que_realize_manutencao_em_morro_na_estrada_do_bairro_rural_taiobas_sentido_bairro_cervo_nas_proximidades_de_sua_ponte_de_madei.pdf", "ementa": "Manuten\u00e7\u00e3o em morro na estrada do Bairro Rural Taiobas, sentido bairro Cervo"}, {"id": "192", "ano": "2023", "numero": "88", "tipo__sigla": "IND", "tipo__descricao": "Indica\u00e7\u00e3o", "autoria": "Professora Hellen Coutinho", "texto_original": "http://sapl.congonhal.mg.leg.br/media/sapl/public/materialegislativa/2023/192/indicacao_no_088_-_indica_ao_setor_responsavel_que_realize_a_aquisicao_de_material_e_jogos_pedagogicos_para_o_cemei_professora_vita_alves_de_lima.pdf", "ementa": "Aquisi\u00e7\u00e3o de material e jogos pedag\u00f3gicos para o CEMEI Professora Vita Alves de Lima"}, {"id": "193", "ano": "2023", "numero": "89", "tipo__sigla": "IND", "tipo__descricao": "Indica\u00e7\u00e3o", "autoria": "Geremias Enfermeiro", "texto_original": "http://sapl.congonhal.mg.leg.br/media/sapl/public/materialegislativa/2023/193/indicacao_no_089_-_indica_ao_poder_executivo_e_o_setor_responsavel_que_faca_manutencao_nas_pedras_do_calcamento_na_rua_joao_pereira_lopes..pdf", "ementa": "Manuten\u00e7\u00e3o nas pedras do cal\u00e7amento na Rua Jo\u00e3o Pereira Lopes"}, {"id": "194", "ano": "2023", "numero": "90", "tipo__sigla": "IND", "tipo__descricao": "Indica\u00e7\u00e3o", "autoria": "Geremias Enfermeiro", "texto_original": "http://sapl.congonhal.mg.leg.br/media/sapl/public/materialegislativa/2023/194/indicacao_no_090_-_indica_ao_poder_executivo_e_o_setor_responsavel_que_faca_as_trocas_das_lampadas_dos_postes_na_rua_vereador_doraci_bernardes_de_souza_nas_proximidades_do_no.pdf", "ementa": "Trocas das l\u00e2mpadas dos postes na Rua Vereador Doraci Bernardes de Souza"}, {"id": "195", "ano": "2023", "numero": "91", "tipo__sigla": "IND", "tipo__descricao": "Indica\u00e7\u00e3o", "autoria": "Professora Hellen Coutinho", "texto_original": "http://sapl.congonhal.mg.leg.br/media/sapl/public/materialegislativa/2023/195/indicacao_no_091_-_indica_ao_poder_executivo_e_a_secretaria_municipal_de_educacao_que_coloque_cameras_de_seguanca_nos_portoes_da_pre_escola_municipal_joaquim_inacio_franco.pdf", "ementa": "Coloque c\u00e2meras de seguran\u00e7a nos port\u00f5es da Pr\u00e9 Escola Municipal Joaquim In\u00e1cio Franco."}, {"id": "196", "ano": "2023", "numero": "92", "tipo__sigla": "IND", "tipo__descricao": "Indica\u00e7\u00e3o", "autoria": "Professora Hellen Coutinho", "texto_original": "http://sapl.congonhal.mg.leg.br/media/sapl/public/materialegislativa/2023/196/indicacao_no_092_-_indica_ao_poder_executivo_e_a_secretaria_municipal_de_estradas_rurais_que_faca_a_manutencao_na_estrada_no_bairro_coutinhos_sentido_a_residencia_do_sr._conh.pdf", "ementa": "Manuten\u00e7\u00e3o na estrada no Bairro Coutinhos"}, {"id": "197", "ano": "2023", "numero": "93", "tipo__sigla": "IND", "tipo__descricao": "Indica\u00e7\u00e3o", "autoria": "C\u00e9sar da Nazar\u00e9", "texto_original": "http://sapl.congonhal.mg.leg.br/media/sapl/public/materialegislativa/2023/197/indicacao_no_093_-_indica_ao_setor_responsavel_a_instalacao_de_placas_de_denominacao_de_logradouro_publico_nas_esquinas_das_ruas_com_a_avenida_prefeito_mario_silveira..pdf", "ementa": "Instala\u00e7\u00e3o de placas de denomina\u00e7\u00e3o de logradouro p\u00fablico nas esquinas das ruas com a Avenida Prefeito Mario Silveira"}, {"id": "198", "ano": "2023", "numero": "94", "tipo__sigla": "IND", "tipo__descricao": "Indica\u00e7\u00e3o", "autoria": "C\u00e9sar da Nazar\u00e9", "texto_original": "http://sapl.congonhal.mg.leg.br/media/sapl/public/materialegislativa/2023/198/indicacao_no_094_-_indica_ao_setor_de_obras_urbanas_atraves_do_responsavel_pela_sinalizacao_de_transito_que_realize_um_estudo_tecnico_para_averiguacao_quanto_a_possibilidade.pdf", "ementa": "Estudo t\u00e9cnico para averigua\u00e7\u00e3o quanto a possibilidade de constru\u00e7\u00e3o de rotat\u00f3ria na jun\u00e7\u00e3o das ruas Jos\u00e9 Gomes Sobrinho, Jo\u00e3o Mariano Coutinho e Maria Josefina de Jesus, no Bairro Primavera II."}, {"id": "199", "ano": "2023", "numero": "95", "tipo__sigla": "IND", "tipo__descricao": "Indica\u00e7\u00e3o", "autoria": "Professora Hellen Coutinho", "texto_original": "http://sapl.congonhal.mg.leg.br/media/sapl/public/materialegislativa/2023/199/indicacao_no_095_-_indica_ao_poder_executivo_que_seja_contratado_vigilantes_ou_guardas_municipais_para_seguranca_nas_entradas_das_escolas_municipais_do_nosso_municipio..pdf", "ementa": "Contrata\u00e7\u00e3o de vigilantes ou guardas municipais para seguran\u00e7a nas entradas das Escolas Municipais do nosso munic\u00edpio."}, {"id": "200", "ano": "2023", "numero": "96", "tipo__sigla": "IND", "tipo__descricao": "Indica\u00e7\u00e3o", "autoria": "C\u00e9sar da Nazar\u00e9", "texto_original": "http://sapl.congonhal.mg.leg.br/media/sapl/public/materialegislativa/2023/200/indicacao_no_096_-_indica_ao_setor_responsavel_que_realize_obra_de_melhoria_manutencao_na_estrada_rural_de_acesso_a_propriedade_do_sr._mauri_cirino_bairro_barreirinhos..pdf", "ementa": "Obra de melhoria/manuten\u00e7\u00e3o na estrada rural de acesso \u00e0 propriedade do Sr. Mauri Cirino, Bairro Barreirinhos."}, {"id": "201", "ano": "2023", "numero": "97", "tipo__sigla": "IND", "tipo__descricao": "Indica\u00e7\u00e3o", "autoria": "Gustavo Lopes", "texto_original": "http://sapl.congonhal.mg.leg.br/media/sapl/public/materialegislativa/2023/201/indicacao_no_097_-_indica_a_diretoria_de_esportes_municipal_averiguacao_quanto_a_possibilidade_a_oferta_de_lanche_com_frutas_e_sucos_as_criancas_no_local_apos_os_treinos_d.pdf", "ementa": "Possibilidade de oferta de lanche, com frutas e sucos, \u00e0s crian\u00e7as, no local, ap\u00f3s os treinos da Escolinha de Futebol Municipal"}, {"id": "202", "ano": "2023", "numero": "98", "tipo__sigla": "IND", "tipo__descricao": "Indica\u00e7\u00e3o", "autoria": "Gustavo Lopes", "texto_original": "http://sapl.congonhal.mg.leg.br/media/sapl/public/materialegislativa/2023/202/indicacao_no_098_-_indica_ao_setor_responsavel_que_realize_rocagem_de_mato_e_limpeza_da_estrada_do_bairro_rural_coutinhos..pdf", "ementa": "Ro\u00e7agem de mato e limpeza da estrada do Bairro Rural Coutinhos."}, {"id": "203", "ano": "2023", "numero": "99", "tipo__sigla": "IND", "tipo__descricao": "Indica\u00e7\u00e3o", "autoria": "Geremias Enfermeiro", "texto_original": "http://sapl.congonhal.mg.leg.br/media/sapl/public/materialegislativa/2023/203/indicacao_no_099_-_indica_ao_poder_executivo_e_o_setor_responsavel_que_faca_manutencao_em_frente_a_chacara_da_sra._judite_e_sr._geraldo_bairro_das_almas..pdf", "ementa": "Manuten\u00e7\u00e3o em frente a ch\u00e1cara da Sra. Judite e Sr. Geraldo, Bairro das Almas."}, {"id": "204", "ano": "2023", "numero": "100", "tipo__sigla": "IND", "tipo__descricao": "Indica\u00e7\u00e3o", "autoria": "Professora Hellen Coutinho", "texto_original": "http://sapl.congonhal.mg.leg.br/media/sapl/public/materialegislativa/2023/204/indicacao_no_100_-_indica_ao_poder_executivo_e_a_secretria_municipal_de_educacao_que_reforce_a_seguranca_nas_laterais_da_creche_municipal_cemei_professora_vita_alves_de_lima.pdf", "ementa": "Refor\u00e7e a seguran\u00e7a nas laterais da Creche Municipal Cemei Professora Vita Alves de Lima."}, {"id": "205", "ano": "2023", "numero": "101", "tipo__sigla": "IND", "tipo__descricao": "Indica\u00e7\u00e3o", "autoria": "C\u00e9sar da Nazar\u00e9", "texto_original": "http://sapl.congonhal.mg.leg.br/media/sapl/public/materialegislativa/2023/205/indicacao_no_101_-_indica_ao_setor_responsavel_que_realize_iluminacao_da_praca_localizada_na_rua_jordino_francisco_dos_reis_bairro_bela_vista..pdf", "ementa": "Ilumina\u00e7\u00e3o da pra\u00e7a localizada na rua Jordino Francisco dos Reis, Bairro Bela Vista."}, {"id": "206", "ano": "2023", "numero": "102", "tipo__sigla": "IND", "tipo__descricao": "Indica\u00e7\u00e3o", "autoria": "C\u00e9sar da Nazar\u00e9", "texto_original": "http://sapl.congonhal.mg.leg.br/media/sapl/public/materialegislativa/2023/206/indicacao_no_102_-_indica_ao_setor_responsavel_que_realize_obra_de_melhoria_manutencao_na_estrada_rural_da_roseiras_entido_propriedade_do_sr._jose_roberto_rezende_bairro_mar.pdf", "ementa": "Obra de melhoria/manuten\u00e7\u00e3o na estrada rural da Roseira, Bairro Marianos"}, {"id": "207", "ano": "2023", "numero": "103", "tipo__sigla": "IND", "tipo__descricao": "Indica\u00e7\u00e3o", "autoria": "C\u00e9sar da Nazar\u00e9", "texto_original": "http://sapl.congonhal.mg.leg.br/media/sapl/public/materialegislativa/2023/207/indicacao_no_103_-_indica_ao_setor_responsavel_que_realize_estudo_sobre_a_viabilidade_de_oferecer_cursos_de_libras_para_os_professores_da_rede_publica_municipal_de_ensino..pdf", "ementa": "Estudo sobre a viabilidade de oferecer cursos de libras para os professores da rede p\u00fablica municipal de ensino."}, {"id": "208", "ano": "2023", "numero": "104", "tipo__sigla": "IND", "tipo__descricao": "Indica\u00e7\u00e3o", "autoria": "Vanderval Mariano", "texto_original": "http://sapl.congonhal.mg.leg.br/media/sapl/public/materialegislativa/2023/208/indicacao_no_104_-_indica_ao_setor_responsavel_que_realize_servico_de_melhoria_na_estrada_que_sobe_para_o_bairro_da_conceicao_sentido_sr._benedito_balbino..pdf", "ementa": "Servi\u00e7o de melhoria na estrada que sobre para o bairro Concei\u00e7\u00e3o"}, {"id": "209", "ano": "2023", "numero": "105", "tipo__sigla": "IND", "tipo__descricao": "Indica\u00e7\u00e3o", "autoria": "Vanderval Mariano", "texto_original": "http://sapl.congonhal.mg.leg.br/media/sapl/public/materialegislativa/2023/209/indicacao_no_105_-_indica_ao_setor_responsavel_que_realize_servico_de_melhoria_manutencao_limpeza_na_estrada_lateral_a_br_459_saindo_do_bairro_santa_edwirges_ate_a_entrada_d.pdf", "ementa": "Servi\u00e7o de melhoria/manuten\u00e7\u00e3o /limpeza na estrada lateral \u00e0 BR 459, saindo do bairro Santa Edwirges"}, {"id": "210", "ano": "2023", "numero": "106", "tipo__sigla": "IND", "tipo__descricao": "Indica\u00e7\u00e3o", "autoria": "Vanderval Mariano", "texto_original": "http://sapl.congonhal.mg.leg.br/media/sapl/public/materialegislativa/2023/210/indicacao_no_106_-_indica_ao_setor_responsavel_que_realize_servico_de_manutencao_na_rua_rio_grande_do_sul_bairro_santa_eliza..pdf", "ementa": "Servi\u00e7o de manuten\u00e7\u00e3o na Rua Rio Grande do Sul, Bairro Santa Eliza."}, {"id": "211", "ano": "2023", "numero": "107", "tipo__sigla": "IND", "tipo__descricao": "Indica\u00e7\u00e3o", "autoria": "Professora Hellen Coutinho", "texto_original": "http://sapl.congonhal.mg.leg.br/media/sapl/public/materialegislativa/2023/211/indicacao_no_107_-_indica_ao_poder_executivo_e_ao_setor_responsavel_pelas_estradas_rurais_que_faca_cascalhamento_da_estrada_de_acesso_a_terraplanagem_localizado_no_bairro_cou.pdf", "ementa": "Cascalhamento da estrada de acesso a terraplanagem localizado no Bairro Coutinhos."}, {"id": "212", "ano": "2023", "numero": "108", "tipo__sigla": "IND", "tipo__descricao": "Indica\u00e7\u00e3o", "autoria": "Geremias Enfermeiro", "texto_original": "http://sapl.congonhal.mg.leg.br/media/sapl/public/materialegislativa/2023/212/indicacao_no_108_-_indica_ao_poder_executivo_e_o_setor_responsavel_a_necessidade_de_construcao_de_meio_fio_na_esquina_da_rua_cesario_alvim_com_a_rua_maria_benedita_de_souza_o.pdf", "ementa": "Constru\u00e7\u00e3o de meio fio na esquina da rua Ces\u00e1rio Alvim com a rua Maria Benedita de Souza"}, {"id": "213", "ano": "2023", "numero": "109", "tipo__sigla": "IND", "tipo__descricao": "Indica\u00e7\u00e3o", "autoria": "Geremias Enfermeiro", "texto_original": "http://sapl.congonhal.mg.leg.br/media/sapl/public/materialegislativa/2023/213/indicacao_no_109_-_indica_ao_poder_executivo_e_o_setor_responsavel_que_faca_troca_de_manilhas_por_manilhas_grossas_localizada_na_estrada_do_bairro_da_lajinha..pdf", "ementa": "Troca de manilhas por manilhas grossas, localizada na estrada do Bairro da Lajinha"}, {"id": "214", "ano": "2023", "numero": "110", "tipo__sigla": "IND", "tipo__descricao": "Indica\u00e7\u00e3o", "autoria": "Geremias Enfermeiro", "texto_original": "http://sapl.congonhal.mg.leg.br/media/sapl/public/materialegislativa/2023/214/indicacao_no_110_-_indica_ao_poder_executivo_e_o_setor_responsavel_que_faca_manutencao_na_rua_bias_fortes_poximo_ao_supermercado_do_melado..pdf", "ementa": "Manuten\u00e7\u00e3o na rua Bias Fortes pr\u00f3ximo ao Supermercado do Melado"}, {"id": "215", "ano": "2023", "numero": "111", "tipo__sigla": "IND", "tipo__descricao": "Indica\u00e7\u00e3o", "autoria": "Vanderval Mariano", "texto_original": "http://sapl.congonhal.mg.leg.br/media/sapl/public/materialegislativa/2023/215/indicacao_no_111_-_indica_ao_setor_responsavel_que_realize_cosntrucao_de_ponto_de_onibus_em_encruzilhada_especifica_no_bairro_rural_almas_a_pedido_de_alunos..pdf", "ementa": "Constru\u00e7\u00e3o de ponto de \u00f4nibus, em encruzilhada espec\u00edfica, no Bairro Rural Almas."}, {"id": "216", "ano": "2023", "numero": "112", "tipo__sigla": "IND", "tipo__descricao": "Indica\u00e7\u00e3o", "autoria": "Gustavo Lopes", "texto_original": "http://sapl.congonhal.mg.leg.br/media/sapl/public/materialegislativa/2023/216/indicacao_no_112_-_indica_a_secretaria_de_educacao_e_a_diretoria_de_cultura_municipal_averiguacao_quanto_possibilidade_de_criacao_de_uma_oficina_de_teatro_para_as_criancas.pdf", "ementa": "Possibilidade de cria\u00e7\u00e3o de uma oficina de teatro para as crian\u00e7as do munic\u00edpio"}, {"id": "217", "ano": "2023", "numero": "113", "tipo__sigla": "IND", "tipo__descricao": "Indica\u00e7\u00e3o", "autoria": "Gustavo Lopes", "texto_original": "http://sapl.congonhal.mg.leg.br/media/sapl/public/materialegislativa/2023/217/indicacao_no_113_-_indica_ao_setor_responsavel_que_realize_limpez_retirada_de_entulho_nas_ruas_do_bairro_santo_onofre..pdf", "ementa": "Limpeza/retirada de entulho nas ruas do Bairro Santo Onofre."}, {"id": "218", "ano": "2023", "numero": "114", "tipo__sigla": "IND", "tipo__descricao": "Indica\u00e7\u00e3o", "autoria": "Professora Hellen Coutinho", "texto_original": "http://sapl.congonhal.mg.leg.br/media/sapl/public/materialegislativa/2023/218/indicacao_no_114_-_indica_ao_poder_executivo_e_a_secretaria_de_estradas_rurais_que_faca_um_ponto_com_cobertura_para_alunos_estudantes_da_rede_municipal_no_bairro_macacos_prox.pdf", "ementa": "Constru\u00e7\u00e3o de ponto com cobertura para alunos da rede municipal no bairro Macacos."}, {"id": "219", "ano": "2023", "numero": "115", "tipo__sigla": "IND", "tipo__descricao": "Indica\u00e7\u00e3o", "autoria": "C\u00e9sar da Nazar\u00e9", "texto_original": "http://sapl.congonhal.mg.leg.br/media/sapl/public/materialegislativa/2023/219/indicacao_no_115_-_indica_ao_setor_responsavel_que_realiza_obra_de_melhoria_manutencao_na_estrada_rural_do_bairro_guidos_a_pedido_de_moradores..pdf", "ementa": "Obras de melhoria/manuten\u00e7\u00e3o na estrada rural do Bairro Guidos"}, {"id": "220", "ano": "2023", "numero": "116", "tipo__sigla": "IND", "tipo__descricao": "Indica\u00e7\u00e3o", "autoria": "C\u00e9sar da Nazar\u00e9", "texto_original": "http://sapl.congonhal.mg.leg.br/media/sapl/public/materialegislativa/2023/220/indicacao_no_116_-_indica_ao_setor_responsavel_que_realize_obra_de_melhoria_manutencao_nas_cabecas_da_ponte_sobre_o_rio_cervo_no_bairro_guidos_a_pedido_de_moradores..pdf", "ementa": "Melhoria/manuten\u00e7\u00e3o nas cabe\u00e7as da ponte sobre o Rio Cervo, no Bairro Guidos."}, {"id": "221", "ano": "2023", "numero": "117", "tipo__sigla": "IND", "tipo__descricao": "Indica\u00e7\u00e3o", "autoria": "Gustavo Lopes", "texto_original": "http://sapl.congonhal.mg.leg.br/media/sapl/public/materialegislativa/2023/221/indicacao_no_117_-_indica_ao_setor_responsavel_que_realize_pintura_das_faixas_de_pedestres_em_toda_a_zona_urbana_de_congonhal..pdf", "ementa": "Realize pintura das faixas de pedestres em toda a zona urbana de Congonhal."}, {"id": "222", "ano": "2023", "numero": "118", "tipo__sigla": "IND", "tipo__descricao": "Indica\u00e7\u00e3o", "autoria": "C\u00e9sar da Nazar\u00e9", "texto_original": "http://sapl.congonhal.mg.leg.br/media/sapl/public/materialegislativa/2023/222/indicacao_no_118_-_indica_ao_setor_responsavel_a_colocacao_de_postes_de_iluminacao_publica_em_praca_localizada_no_bairro_bela_vista..pdf", "ementa": "Coloca\u00e7\u00e3o de postes de ilumina\u00e7\u00e3o p\u00fablica em pra\u00e7a localizada no Bairro Bela Vista."}, {"id": "223", "ano": "2023", "numero": "119", "tipo__sigla": "IND", "tipo__descricao": "Indica\u00e7\u00e3o", "autoria": "C\u00e9sar da Nazar\u00e9", "texto_original": "http://sapl.congonhal.mg.leg.br/media/sapl/public/materialegislativa/2023/223/indicacao_no_119_-_indica_ao_setor_responsavel_que_realize_servico_de_manutencao_no_calcamento_da_rua_jordino_francisco_reis_bairro_bela_vista_a_pedido_dos_moradores_circunv.pdf", "ementa": "Servi\u00e7o de manuten\u00e7\u00e3o no cal\u00e7amento da Rua Jordino Francisco Reis, Bairro Bela Vista"}, {"id": "224", "ano": "2023", "numero": "120", "tipo__sigla": "IND", "tipo__descricao": "Indica\u00e7\u00e3o", "autoria": "Geremias Enfermeiro", "texto_original": "http://sapl.congonhal.mg.leg.br/media/sapl/public/materialegislativa/2023/224/indicacao_no_120_-_indica_ao_setor_responsavel_que_faca_as_trocas_das_lampadas_que_estao_queimadas_proximo_a_ponte_do_rio_cervo_na_estrada_que_da_acesso_ao_bairro_sao_domingos.pdf", "ementa": "Trocas das l\u00e2mpadas que est\u00e3o queimadas pr\u00f3ximo a ponte do rio cervo na estrada que d\u00e1 acesso ao Bairro S\u00e3o Domingos."}, {"id": "225", "ano": "2023", "numero": "121", "tipo__sigla": "IND", "tipo__descricao": "Indica\u00e7\u00e3o", "autoria": "Professora Hellen Coutinho", "texto_original": "http://sapl.congonhal.mg.leg.br/media/sapl/public/materialegislativa/2023/225/indicacao_no_121_-_indica_ao_poder_executivo_e_a_secretaria_educacao_que_faca_a_cobertura_metalica_entre_as_novas_salas_de_aula_e_o_refeitorio_do_cemei_professora_vita_alves_d.pdf", "ementa": "Fa\u00e7a cobertura met\u00e1lica entre as novas salas de aula e o refeit\u00f3rio do CEMEI Professora Vita Alves de Lima."}, {"id": "226", "ano": "2023", "numero": "122", "tipo__sigla": "IND", "tipo__descricao": "Indica\u00e7\u00e3o", "autoria": "Geremias Enfermeiro", "texto_original": "http://sapl.congonhal.mg.leg.br/media/sapl/public/materialegislativa/2023/226/indicacao_no_122_-_indica_ao_poder_executivo_municipal_manutencao_na_estrada_do_bairro_terra_preta..pdf", "ementa": "Manuten\u00e7\u00e3o na estrada do Bairro Terra Preta."}, {"id": "227", "ano": "2023", "numero": "123", "tipo__sigla": "IND", "tipo__descricao": "Indica\u00e7\u00e3o", "autoria": "C\u00e9sar da Nazar\u00e9", "texto_original": "http://sapl.congonhal.mg.leg.br/media/sapl/public/materialegislativa/2023/227/indicacao_no_123_-_indica_ao_setor_responsavel_que_realize_obra_de_melhoria_manutencao_cascalhamento_na_estrada_rural_proximo_ao_pesqueiro_ze_vieirinha_subindo_a_serra_a_p.pdf", "ementa": "Obra de melhoria/manuten\u00e7\u00e3o (cascalhamento) na estrada rural pr\u00f3xima ao Pesqueiro Z\u00e9 Vieirinha."}, {"id": "228", "ano": "2023", "numero": "124", "tipo__sigla": "IND", "tipo__descricao": "Indica\u00e7\u00e3o", "autoria": "C\u00e9sar da Nazar\u00e9", "texto_original": "http://sapl.congonhal.mg.leg.br/media/sapl/public/materialegislativa/2023/228/indicacao_no_124_-_indica_ao_setor_responsavel_que_realize_obra_para_termino_de_quadra_espotiva_localizada_na_avenida_tuany_toledo_no_bairro_primavera..pdf", "ementa": "Obra para termino da quadra esportiva localizada na Avenida Tuany Toledo, no Bairro Primavera."}, {"id": "229", "ano": "2023", "numero": "125", "tipo__sigla": "IND", "tipo__descricao": "Indica\u00e7\u00e3o", "autoria": "Professora Hellen Coutinho", "texto_original": "http://sapl.congonhal.mg.leg.br/media/sapl/public/materialegislativa/2023/229/indicacao_no_125_-_indica_ao_poder_executivo_e_a_secretaria_municipal_de_educacao_que_coloque_protecao_nos_vidros_dos_bercarios_do_cemei_professora_vita_alves_de_lima..pdf", "ementa": "Coloque prote\u00e7\u00e3o nos vidros dos ber\u00e7arios do CEMEI Professora Vita Alves de Lima."}, {"id": "230", "ano": "2023", "numero": "126", "tipo__sigla": "IND", "tipo__descricao": "Indica\u00e7\u00e3o", "autoria": "Professora Hellen Coutinho", "texto_original": "http://sapl.congonhal.mg.leg.br/media/sapl/public/materialegislativa/2023/230/indicacao_no_126_-_indica_ao_setor_responsavel_e_a_secretaria_de_educacao_compra_de_capas_de_chuva__para_as_auxiliares_de_servicos_escolares_do_cemei..pdf", "ementa": "Compra de capas de chuvas para as auxiliares de servi\u00e7os escolares do CEMEI."}, {"id": "231", "ano": "2023", "numero": "127", "tipo__sigla": "IND", "tipo__descricao": "Indica\u00e7\u00e3o", "autoria": "Vanderval Mariano", "texto_original": "http://sapl.congonhal.mg.leg.br/media/sapl/public/materialegislativa/2023/231/indicacao_no_127_-_indica_ao_setor_responsavel_extensao_da_rede_eletrica_com_inicio_na_casa_de_morada_do_sr._altair_alcancando_a_casa_de_morada_do_sr._romeu_do_milton_no_ba.pdf", "ementa": "Extens\u00e3o da rede el\u00e9trica, com in\u00edcio na casa de morada do Sr. Altair"}, {"id": "232", "ano": "2023", "numero": "128", "tipo__sigla": "IND", "tipo__descricao": "Indica\u00e7\u00e3o", "autoria": "Vanderval Mariano", "texto_original": "http://sapl.congonhal.mg.leg.br/media/sapl/public/materialegislativa/2023/232/indicacao_no_128_-_indica_ao_setor_responsavel_a_substituicao_dos_transformadores_de_15_kva_para_de_375_kva_nas_proximidades_da_casa_de_morada_do_pastor_marcos_e_proximidad.pdf", "ementa": "Substitui\u00e7\u00e3o dos transformadores de 15 kVA para 37,5 kVA"}, {"id": "233", "ano": "2023", "numero": "129", "tipo__sigla": "IND", "tipo__descricao": "Indica\u00e7\u00e3o", "autoria": "Geremias Enfermeiro", "texto_original": "http://sapl.congonhal.mg.leg.br/media/sapl/public/materialegislativa/2023/233/indicacao_no_129_-_indica_ao_setor_respinsa_vel_que_faca_a_manutencao_na_estrada_da_serra_do_barreiro..pdf", "ementa": "Manuten\u00e7\u00e3o na estrada da Serra do Barreiro."}, {"id": "234", "ano": "2023", "numero": "130", "tipo__sigla": "IND", "tipo__descricao": "Indica\u00e7\u00e3o", "autoria": "Geremias Enfermeiro", "texto_original": "http://sapl.congonhal.mg.leg.br/media/sapl/public/materialegislativa/2023/234/indicacao_no_130_-_indica_ao_setor_responsavel_que_faca_a_manutencao_na_estrada_do_bairro_da_mata..pdf", "ementa": "Manuten\u00e7\u00e3o na estrada do Bairro da Mata."}, {"id": "235", "ano": "2023", "numero": "131", "tipo__sigla": "IND", "tipo__descricao": "Indica\u00e7\u00e3o", "autoria": "Professora Hellen Coutinho", "texto_original": "http://sapl.congonhal.mg.leg.br/media/sapl/public/materialegislativa/2023/235/indicacao_no_131_-_indica_ao_poder_executivo_e_a_secretaria_de_obras_urbanas_que_faca_a_manutencao_na_rua_castelo_branco_proximo_ao_numero_510_loja_casa_do_campo..pdf", "ementa": "Manuten\u00e7\u00e3o na Rua Castelo Branco"}, {"id": "236", "ano": "2023", "numero": "132", "tipo__sigla": "IND", "tipo__descricao": "Indica\u00e7\u00e3o", "autoria": "Vanderval Mariano", "texto_original": "http://sapl.congonhal.mg.leg.br/media/sapl/public/materialegislativa/2023/236/indicacao_no_132_-_indica_ao_setor_responsavel_que_contacte_cemig_para_realizacao_de_poda_de_arvores_e_instalacao_de_postes_e_lampadas_em_local_especifico_no_bairro_grota_ri.pdf", "ementa": "Realiza\u00e7\u00e3o de poda de \u00e1rvores e instala\u00e7\u00e3o de postes e l\u00e2mpadas em local espec\u00edfico, no Bairro Grota Rica."}, {"id": "237", "ano": "2023", "numero": "133", "tipo__sigla": "IND", "tipo__descricao": "Indica\u00e7\u00e3o", "autoria": "Vanderval Mariano", "texto_original": "http://sapl.congonhal.mg.leg.br/media/sapl/public/materialegislativa/2023/237/indicacao_no_133_-_indica_ao_setor_responsavel_que_contacte_a_cemig_para_realizacao_de_servico_para_melhoria_de_luminosidade_proximo_ao_ponto_de_onibus_da_br_459_bairro_cou.pdf", "ementa": "Contacte Cemig para realiza\u00e7\u00e3o de servi\u00e7o para melhoria de luminosidade, pr\u00f3ximo ao ponto de \u00f4nibus da BR 459, Bairro Coutinhos."}, {"id": "238", "ano": "2023", "numero": "134", "tipo__sigla": "IND", "tipo__descricao": "Indica\u00e7\u00e3o", "autoria": "Vanderval Mariano", "texto_original": "http://sapl.congonhal.mg.leg.br/media/sapl/public/materialegislativa/2023/238/indicacao_no_134_-_indica_ao_setor_responsavel_que_realize_instalacao_de_lixeira_na_rua_jordino_francisco_dos_reis_altura_do_no_146_e_assentamento_de_paralelepipedos_neste.pdf", "ementa": "Realize instala\u00e7\u00e3o de lixeira na Rua Jordino Francisco dos Reis, altura do n\u00ba 146, e assentamento de paralelep\u00edpedo neste mesmo local, Bairro Bela Vista."}, {"id": "255", "ano": "2023", "numero": "135", "tipo__sigla": "IND", "tipo__descricao": "Indica\u00e7\u00e3o", "autoria": "Professora Hellen Coutinho", "texto_original": "http://sapl.congonhal.mg.leg.br/media/sapl/public/materialegislativa/2023/255/indicacao_no_135_-_indica_ao_poder_executivo_e_a_secretaia_de_obras_urbanas_que_faca_a_continuacao_do_calcamento_da_rua_jose_gomes_sobinho_no_bairro_primavera.pdf", "ementa": "Indica\u00e7\u00e3o n\u00ba 135 - Indica ao Poder Executivo e a Secretaria de Obras Urbanas que fa\u00e7a a continua\u00e7\u00e3o do cal\u00e7amento da Rua Jos\u00e9 Gomes Sobrinho no Bairro Primavera"}, {"id": "256", "ano": "2023", "numero": "136", "tipo__sigla": "IND", "tipo__descricao": "Indica\u00e7\u00e3o", "autoria": "Vanderval Mariano", "texto_original": "http://sapl.congonhal.mg.leg.br/media/sapl/public/materialegislativa/2023/256/indicacao_no_136_-_indica_ao_setor_de_obras_rurais_a_realizacao_de_servicos_de_melhoria_na_estrada_principal_do_bairro_rural_almas..pdf", "ementa": "Indica ao setor de obras rurais a realiza\u00e7\u00e3o de servi\u00e7os de melhoria na estrada principal do bairro rural Almas."}, {"id": "257", "ano": "2023", "numero": "137", "tipo__sigla": "IND", "tipo__descricao": "Indica\u00e7\u00e3o", "autoria": "Vanderval Mariano", "texto_original": "http://sapl.congonhal.mg.leg.br/media/sapl/public/materialegislativa/2023/257/indicacao_no_137_-_indica_ao_setor_responsavel_a_colocacao_de_postes_e_lampadas_na_estrada_velha_que_da_acesso_ao_bairro_fazendinha..pdf", "ementa": "Indica ao setor respons\u00e1vel a coloca\u00e7\u00e3o de postes e l\u00e2mpadas na estrada velha, que d\u00e1 acesso ao Bairro Fazendinha."}, {"id": "258", "ano": "2023", "numero": "138", "tipo__sigla": "IND", "tipo__descricao": "Indica\u00e7\u00e3o", "autoria": "Professora Hellen Coutinho", "texto_original": "http://sapl.congonhal.mg.leg.br/media/sapl/public/materialegislativa/2023/258/indicacao_no_138_-_indica_ao_poder_executivo_e_a_secretaria_municipal_de_educacao_que_estude_a_possibilidade_de_disponibilizar_um_profissional_tecnico_em_enfermagem_para_atuar.pdf", "ementa": "Indica ao Poder Executivo e a Secretaria Municipal de Educa\u00e7\u00e3o que estude a possibilidade de disponibilizar um profissional T\u00e9cnico em Enfermagem para atuar na Creche Municipal Professora Vita Alves de Lima."}, {"id": "259", "ano": "2023", "numero": "139", "tipo__sigla": "IND", "tipo__descricao": "Indica\u00e7\u00e3o", "autoria": "Professora Hellen Coutinho", "texto_original": "http://sapl.congonhal.mg.leg.br/media/sapl/public/materialegislativa/2023/259/indicacao_no_139_-_indica_ao_poder_executivo_e_a_secretaria_municipal_de_saude_que_faca_a_placa_indicativa_do_psf_rural_no_pronto_atendimento_municipal_dr._alcides_mosconi.pdf", "ementa": "Indica ao Poder Executivo e a Secretaria Municipal de Sa\u00fade que fa\u00e7a a placa indicativa do PSF Rural no Pronto Atendimento Municipal Dr. Alcides Mosconi."}, {"id": "269", "ano": "2023", "numero": "140", "tipo__sigla": "IND", "tipo__descricao": "Indica\u00e7\u00e3o", "autoria": "Vanderval Mariano", "texto_original": "http://sapl.congonhal.mg.leg.br/media/sapl/public/materialegislativa/2023/269/indicacao_no_140_-_indica_ao_setor_responsavel_a_colocacao_de_postes_lampadas_e_extensao_da_rede_eletrica_pela_totalidade_do_bairro_rural_cervo._-_copia.pdf", "ementa": "Indica ao setor respons\u00e1vel a coloca\u00e7\u00e3o de postes, l\u00e2mpadas e extens\u00e3o da rede el\u00e9trica pela totalidade do Bairro Rural Cervo."}, {"id": "270", "ano": "2023", "numero": "141", "tipo__sigla": "IND", "tipo__descricao": "Indica\u00e7\u00e3o", "autoria": "Geremias Enfermeiro", "texto_original": "http://sapl.congonhal.mg.leg.br/media/sapl/public/materialegislativa/2023/270/indicacao_no_141_-_indica_ao_setor_respnsavel_que_faca_manutencao_no_calcamento_na_rua_bahia_nas_proximidades_do_no_184..pdf", "ementa": "Indica ao setor respons\u00e1vel que fa\u00e7a manuten\u00e7\u00e3o no cal\u00e7amento na rua Bahia nas proximidades do n\u00ba 184."}, {"id": "271", "ano": "2023", "numero": "142", "tipo__sigla": "IND", "tipo__descricao": "Indica\u00e7\u00e3o", "autoria": "Professora Hellen Coutinho", "texto_original": "http://sapl.congonhal.mg.leg.br/media/sapl/public/materialegislativa/2023/271/indicacao_no_142_-_indica_ao_poder_executivo_e_a_secretaria_responsavel_que_faca_aceiro_na_terraplanagem_localizada_no_bairro_coutinhos..pdf", "ementa": "Indica ao Poder Executivo e a Secretaria respons\u00e1vel que fa\u00e7a aceiro na terraplanagem localizada no bairro Coutinhos."}, {"id": "272", "ano": "2023", "numero": "143", "tipo__sigla": "IND", "tipo__descricao": "Indica\u00e7\u00e3o", "autoria": "Vanderval Mariano", "texto_original": "http://sapl.congonhal.mg.leg.br/media/sapl/public/materialegislativa/2023/272/indicacao_no_143_-_indica_ao_setor_responsavel_que_providencie_envio_de_caminhao_pipa_a_estrada_de_saida_no_bairro_vila_marlene_proximo_a_igreja_santa_rita_sentido_cavas..pdf", "ementa": "Indica ao setor respons\u00e1vel que providencie envio de caminh\u00e3o pipa \u00e0 estrada de sa\u00edda no Bairro Vila Marlene, pr\u00f3ximo a Igreja Santa Rita, sentido Cavas."}, {"id": "273", "ano": "2023", "numero": "144", "tipo__sigla": "IND", "tipo__descricao": "Indica\u00e7\u00e3o", "autoria": "Vanderval Mariano", "texto_original": "http://sapl.congonhal.mg.leg.br/media/sapl/public/materialegislativa/2023/273/indicacao_no_144_-_indica_ao_setor_de_obras_rurais_o_envio_de_04_caminhoes_de_cascalho_a_estrada_do_bairro_grota_rica.pdf", "ementa": "Indica ao setor de obras rurais o envio de 04 caminh\u00f5es de cascalho \u00e0 estrada do bairro Grota Rica"}, {"id": "274", "ano": "2023", "numero": "145", "tipo__sigla": "IND", "tipo__descricao": "Indica\u00e7\u00e3o", "autoria": "Professora Hellen Coutinho", "texto_original": "http://sapl.congonhal.mg.leg.br/media/sapl/public/materialegislativa/2023/274/indicacao_no_145_-_indica_ao_poder_executivo_e_a_secretaria_de_estradas_rurais_que_realizem_o_cascalhamento_na_estrada_do_bairro_coutinhos_sentido_a_residencia_do_sr._conheci.pdf", "ementa": "Indica ao Poder Executivo e a Secretaria de Estradas Rurais que realizem o cascalhamento na estrada do Bairro Coutinhos, sentido a resid\u00eancia do Sr. conhecido como Shel"}, {"id": "275", "ano": "2023", "numero": "146", "tipo__sigla": "IND", "tipo__descricao": "Indica\u00e7\u00e3o", "autoria": "Geremias Enfermeiro", "texto_original": "http://sapl.congonhal.mg.leg.br/media/sapl/public/materialegislativa/2023/275/indicacao_no_146_-_indica_ao_setor_responsavel_que_reajuste_o_braco_do_poste_proximo_a_ponte_que_da_acesso_ao_bairro_santo_onofre..pdf", "ementa": "Indica ao setor respons\u00e1vel que reajuste o bra\u00e7o do poste pr\u00f3ximo a ponte que d\u00e1 acesso ao Bairro Santo Onofre."}, {"id": "276", "ano": "2023", "numero": "147", "tipo__sigla": "IND", "tipo__descricao": "Indica\u00e7\u00e3o", "autoria": "C\u00e9sar da Nazar\u00e9", "texto_original": "http://sapl.congonhal.mg.leg.br/media/sapl/public/materialegislativa/2023/276/indicacao_no_147_-_indica_ao_setor_responsavel_que_realize_servico_de_manutencao_na_rua_laura_de_barros_cobra_esquina_com_rua_jose_julio_moreira_saida_para_o_bairro_almas.pdf", "ementa": "Indica ao setor respons\u00e1vel que realize servi\u00e7o de manuten\u00e7\u00e3o na Rua Laura de Barros Cobra, esquina com Rua Jos\u00e9 J\u00falio Moreira, sa\u00edda para o Bairro Almas,"}, {"id": "277", "ano": "2023", "numero": "148", "tipo__sigla": "IND", "tipo__descricao": "Indica\u00e7\u00e3o", "autoria": "Geremias Enfermeiro", "texto_original": "http://sapl.congonhal.mg.leg.br/media/sapl/public/materialegislativa/2023/277/indicacao_no_148_-_indica_ao_setor_responsavel_que_faca_manutencao_na_estrada_no_bairro_lajinha..pdf", "ementa": "Indica ao setor respons\u00e1vel que fa\u00e7a manuten\u00e7\u00e3o na estrada no Bairro Lajinha."}, {"id": "278", "ano": "2023", "numero": "149", "tipo__sigla": "IND", "tipo__descricao": "Indica\u00e7\u00e3o", "autoria": "Geremias Enfermeiro", "texto_original": "http://sapl.congonhal.mg.leg.br/media/sapl/public/materialegislativa/2023/278/indicacao_no_149_-_indica_ao_setor_responsavel_que_faca_manutencao_no_quebra-molas_localizado_proximo_a_residencia_da_sr._conhecida_como_tati.pdf", "ementa": "Indica ao setor respons\u00e1vel que fa\u00e7a manuten\u00e7\u00e3o no quebra-molas localizado pr\u00f3ximo \u00e0 resid\u00eancia da Sr. conhecida como Tati"}, {"id": "279", "ano": "2023", "numero": "150", "tipo__sigla": "IND", "tipo__descricao": "Indica\u00e7\u00e3o", "autoria": "Geremias Enfermeiro", "texto_original": "http://sapl.congonhal.mg.leg.br/media/sapl/public/materialegislativa/2023/279/indicacao_no_150_-_indica_ao_setor_responsavel_que_faca_calcamento_em_frente_a_igreja_da_serra_do_barreiro..pdf", "ementa": "Indica\u00e7\u00e3o n\u00ba 150 - Indica ao setor respons\u00e1vel que fa\u00e7a cal\u00e7amento em frente \u00e0 Igreja da Serra do Barreiro."}, {"id": "306", "ano": "2023", "numero": "151", "tipo__sigla": "IND", "tipo__descricao": "Indica\u00e7\u00e3o", "autoria": "Vanderval Mariano", "texto_original": "http://sapl.congonhal.mg.leg.br/media/sapl/public/materialegislativa/2023/306/indicacao_no_151_-_indica_ao_setor_responsavel_que_realize_servico_de_melhorias_na_rua_bias_fortes_esquina_com_a_rua_sao_jose_centro..pdf", "ementa": "Indica ao setor respons\u00e1vel que realize servi\u00e7o de melhorias na Rua Bias Fortes, esquina com a Rua S\u00e3o Jos\u00e9, Centro."}, {"id": "307", "ano": "2023", "numero": "152", "tipo__sigla": "IND", "tipo__descricao": "Indica\u00e7\u00e3o", "autoria": "Vanderval Mariano", "texto_original": "http://sapl.congonhal.mg.leg.br/media/sapl/public/materialegislativa/2023/307/indicacao_no_152_-_indica_ao_setor_responsavel_que_realize_substituicao_de_lixeira_localizada_na_encruzilhada_do_recanto_loyola_bairro_coutinhos_e_nova_programacao_do_servi.pdf", "ementa": "Indica ao setor respons\u00e1vel que realize substitui\u00e7\u00e3o de lixeira, localizada na encruzilhada do Recanto Loyola, Bairro Coutinhos, e nova programa\u00e7\u00e3o de servi\u00e7o do caminh\u00e3o municipal de coleta de lixo para este bairro, sendo \u00e0s segundas e sextas-feiras."}, {"id": "308", "ano": "2023", "numero": "153", "tipo__sigla": "IND", "tipo__descricao": "Indica\u00e7\u00e3o", "autoria": "Professora Hellen Coutinho", "texto_original": "http://sapl.congonhal.mg.leg.br/media/sapl/public/materialegislativa/2023/308/indicacao_no_153_-_indica_ao_poder_executivo_aquisicao_de_computador_para_uso_pedagogico_a_pedido_dos_professores_do_cemei_prof.a_vita_alves_de_lima..pdf", "ementa": "Indica ao Poder Executivo aquisi\u00e7\u00e3o de computador para uso pedag\u00f3gico, a pedido dos professores do CEMEI Prof.(a) Vita Alves de Lima."}]}