{"id":393,"__str__":"Projeto de Lei Ordin\u00e1ria n\u00ba 32 de 2024","link_detail_backend":"/materia/393","metadata":{},"numero":32,"ano":2024,"numero_protocolo":null,"data_apresentacao":"2024-09-13","tipo_apresentacao":"","data_publicacao":null,"numero_origem_externa":"","ano_origem_externa":null,"data_origem_externa":null,"apelido":"","dias_prazo":null,"data_fim_prazo":null,"em_tramitacao":false,"polemica":false,"objeto":"","complementar":false,"ementa":"Institui a Semana Municipal da Cultura Evang\u00e9lica e do Dia Municipal do Evang\u00e9lico no \u00e2mbito do munic\u00edpio de Congonhal e d\u00e1 outras provid\u00eancias.","indexacao":"","observacao":"","resultado":"","texto_original":"http://sapl.congonhal.mg.leg.br/media/sapl/public/materialegislativa/2024/393/projeto_de_lei_32_-_institui_a_semana_municipal_da_cultura_evangelica_e_do_dia_municipal_do_evangelico_no_ambito_do_municipio_de_congonhal_e_da_outras_providencias..pdf","data_ultima_atualizacao":"2025-05-21T15:13:46.146083-03:00","ip":"168.196.165.95","ultima_edicao":"2025-05-21T15:12:27.368103-03:00","tipo":3,"regime_tramitacao":2,"tipo_origem_externa":null,"local_origem_externa":null,"user":2,"anexadas":[],"autores":[15]}