{"id":265,"__str__":"Projeto de Lei Legislativo n\u00ba 4 de 2023","link_detail_backend":"/materia/265","metadata":{},"numero":4,"ano":2023,"numero_protocolo":null,"data_apresentacao":"2023-04-17","tipo_apresentacao":"E","data_publicacao":null,"numero_origem_externa":"","ano_origem_externa":null,"data_origem_externa":null,"apelido":"","dias_prazo":null,"data_fim_prazo":null,"em_tramitacao":false,"polemica":false,"objeto":"","complementar":false,"ementa":"Institui a semana municipal de conscientiza\u00e7\u00e3o sobre o Autismo e d\u00e1 outras provid\u00eancias.","indexacao":"","observacao":"","resultado":"","texto_original":"http://sapl.congonhal.mg.leg.br/media/sapl/public/materialegislativa/2023/265/projeto_legislativo_04_-_institui_a_semana_de_conscientizacao_sobre_o_autismo_e_da_outras_providencias..pdf","data_ultima_atualizacao":"2023-07-17T15:05:58.858796-03:00","ip":"168.196.165.95","ultima_edicao":"2023-07-17T15:03:47.908883-03:00","tipo":1,"regime_tramitacao":2,"tipo_origem_externa":null,"local_origem_externa":null,"user":2,"anexadas":[],"autores":[19]}