{"id":250,"__str__":"Requerimento n\u00ba 4 de 2023","link_detail_backend":"/materia/250","metadata":{},"numero":4,"ano":2023,"numero_protocolo":null,"data_apresentacao":"2023-03-09","tipo_apresentacao":"E","data_publicacao":null,"numero_origem_externa":"","ano_origem_externa":null,"data_origem_externa":null,"apelido":"","dias_prazo":null,"data_fim_prazo":null,"em_tramitacao":false,"polemica":false,"objeto":"","complementar":false,"ementa":"C\u00f3pia dos mapas de atendimentos di\u00e1rios dos m\u00e9dicos especialistas que atendem no Centro de Especialidades M\u00e9dicas e Multiprofissionais CEM- Telma Ieiri de Oliveira, referente ao m\u00eas de fevereiro de 2023.","indexacao":"","observacao":"","resultado":"","texto_original":"http://sapl.congonhal.mg.leg.br/media/sapl/public/materialegislativa/2023/250/requerimento_no_04_-_requer_copia_dos_mapas_de_atendimentos_diarios_dos_medicos_especialistas_que_atendem_no_centro_de_especialidades_medicas_e_multiprofissionais_cem-_telm.pdf","data_ultima_atualizacao":"2023-06-26T15:55:42.974422-03:00","ip":"168.196.165.95","ultima_edicao":"2023-06-26T15:54:39.495137-03:00","tipo":7,"regime_tramitacao":2,"tipo_origem_externa":null,"local_origem_externa":null,"user":2,"anexadas":[],"autores":[18]}