{"id":229,"__str__":"Indica\u00e7\u00e3o n\u00ba 125 de 2023","link_detail_backend":"/materia/229","metadata":{},"numero":125,"ano":2023,"numero_protocolo":null,"data_apresentacao":"2023-05-24","tipo_apresentacao":"E","data_publicacao":null,"numero_origem_externa":"","ano_origem_externa":null,"data_origem_externa":null,"apelido":"","dias_prazo":null,"data_fim_prazo":null,"em_tramitacao":false,"polemica":false,"objeto":"","complementar":false,"ementa":"Coloque prote\u00e7\u00e3o nos vidros dos ber\u00e7arios do CEMEI Professora Vita Alves de Lima.","indexacao":"","observacao":"","resultado":"","texto_original":"http://sapl.congonhal.mg.leg.br/media/sapl/public/materialegislativa/2023/229/indicacao_no_125_-_indica_ao_poder_executivo_e_a_secretaria_municipal_de_educacao_que_coloque_protecao_nos_vidros_dos_bercarios_do_cemei_professora_vita_alves_de_lima..pdf","data_ultima_atualizacao":"2023-06-21T17:02:03.688622-03:00","ip":"168.196.165.95","ultima_edicao":"2023-06-21T17:00:58.125611-03:00","tipo":8,"regime_tramitacao":2,"tipo_origem_externa":null,"local_origem_externa":null,"user":2,"anexadas":[],"autores":[20]}