{"id":225,"__str__":"Indica\u00e7\u00e3o n\u00ba 121 de 2023","link_detail_backend":"/materia/225","metadata":{},"numero":121,"ano":2023,"numero_protocolo":null,"data_apresentacao":"2023-05-12","tipo_apresentacao":"E","data_publicacao":null,"numero_origem_externa":"","ano_origem_externa":null,"data_origem_externa":null,"apelido":"","dias_prazo":null,"data_fim_prazo":null,"em_tramitacao":false,"polemica":false,"objeto":"","complementar":false,"ementa":"Fa\u00e7a cobertura met\u00e1lica entre as novas salas de aula e o refeit\u00f3rio do CEMEI Professora Vita Alves de Lima.","indexacao":"","observacao":"","resultado":"","texto_original":"http://sapl.congonhal.mg.leg.br/media/sapl/public/materialegislativa/2023/225/indicacao_no_121_-_indica_ao_poder_executivo_e_a_secretaria_educacao_que_faca_a_cobertura_metalica_entre_as_novas_salas_de_aula_e_o_refeitorio_do_cemei_professora_vita_alves_d.pdf","data_ultima_atualizacao":"2023-06-21T16:57:19.980399-03:00","ip":"168.196.165.95","ultima_edicao":"2023-06-21T16:56:02.597740-03:00","tipo":8,"regime_tramitacao":2,"tipo_origem_externa":null,"local_origem_externa":null,"user":2,"anexadas":[],"autores":[20]}