{"id":104,"__str__":"Projeto de Lei Ordin\u00e1ria n\u00ba 21 de 2023","link_detail_backend":"/materia/104","metadata":{},"numero":21,"ano":2023,"numero_protocolo":null,"data_apresentacao":"2023-06-13","tipo_apresentacao":"E","data_publicacao":null,"numero_origem_externa":"","ano_origem_externa":null,"data_origem_externa":null,"apelido":"","dias_prazo":null,"data_fim_prazo":null,"em_tramitacao":false,"polemica":false,"objeto":"","complementar":false,"ementa":"Institui o Programa de Ado\u00e7\u00e3o de Pra\u00e7as P\u00fablicas, Parques, Jardins, \u00c1reas Verdes e Espa\u00e7os municipais de Esportes, e da outras provid\u00eancias.","indexacao":"","observacao":"","resultado":"","texto_original":"http://sapl.congonhal.mg.leg.br/media/sapl/public/materialegislativa/2023/104/projeto_de_lei_21_-_institui_o_programa_de_adocao_de_pracas_publicas_parques_jardins_areas_verdes_e_espacos_municipais_de_esportes_e_da_outras_providencias..pdf","data_ultima_atualizacao":"2023-06-15T14:14:02.282445-03:00","ip":"168.196.165.95","ultima_edicao":"2023-06-15T14:11:46.857546-03:00","tipo":3,"regime_tramitacao":2,"tipo_origem_externa":null,"local_origem_externa":null,"user":2,"anexadas":[],"autores":[]}