{"id":136,"__str__":"Autoria: C\u00e9sar da Nazar\u00e9 - Indica\u00e7\u00e3o n\u00ba 47 de 2023","link_detail_backend":"/materia/autoria/136","metadata":{},"primeiro_autor":true,"autor":19,"materia":151}