{"id":121,"__str__":"Autoria: C\u00e9sar da Nazar\u00e9 - Indica\u00e7\u00e3o n\u00ba 32 de 2023","link_detail_backend":"/materia/autoria/121","metadata":{},"primeiro_autor":true,"autor":19,"materia":136}